{"id":60451,"date":"2017-02-05T16:50:27","date_gmt":"2017-02-05T14:50:27","guid":{"rendered":"http:\/\/www.sana.sy\/es\/?p=60451"},"modified":"2017-02-05T16:50:27","modified_gmt":"2017-02-05T14:50:27","slug":"moscu-satisfecha-por-los-resultados-de-la-reunion-de-astana","status":"publish","type":"post","link":"https:\/\/archive.sana.sy\/es\/?p=60451","title":{"rendered":"Mosc\u00fa satisfecha por los resultados de la reuni\u00f3n de Astan\u00e1"},"content":{"rendered":"<p><span style=\"color: #800000\">Mosc\u00fa, SANA<\/span><\/p>\n<p>El canciller ruso Serguei Lavrov reiter\u00f3 la satisfacci\u00f3n de su pa\u00eds por los resultados de la reuni\u00f3n de Astan\u00e1 celebrada el pasado mes de enero para buscar un arreglo a la crisis en Siria, se\u00f1alando que Rusia adoptar\u00e1 pasos concretos para impulsar el proceso de arreglo en Ginebra.<\/p>\n<p>En una entrevista para la revista austriaca Profile, Lavrov consider\u00f3 que la reuni\u00f3n es un \u201cpaso cualitativo en los esfuerzos en busca de una soluci\u00f3n pol\u00edtica a la crisis en Siria\u201d.<\/p>\n<p>\u201cNosotros apoyamos la reanudaci\u00f3n de las conversaciones inter-sirias bajo auspicio del enviado especial de la ONU, Staffan di Mistura y creemos como antes que su marco debe ser ampliamente representativo y abarcador tal como estipula la resoluci\u00f3n del Consejo de Seguridad No. 2254\u201d, agreg\u00f3.<\/p>\n<p>El canciller ruso se\u00f1al\u00f3 que la reuni\u00f3n de Astan\u00e1 ha dado un puje adicional al proceso de Ginebra retrotrayendo a las mentes la declaraci\u00f3n emitida al final de la reuni\u00f3n la cual reafirma la soberan\u00eda e independencia de Siria y su integridad territorial como pa\u00eds democr\u00e1tico y plural adem\u00e1s de proseguir la lucha contra las organizaciones terroristas.<\/p>\n<p>&nbsp;<\/p>\n<p>&nbsp;<\/p>\n<p>Riyad Sh., Lynn A.<\/p>\n","protected":false},"excerpt":{"rendered":"<p>Mosc\u00fa, SANA El canciller ruso Serguei Lavrov reiter\u00f3 la satisfacci\u00f3n de su pa\u00eds por los resultados de la reuni\u00f3n de Astan\u00e1 celebrada el pasado mes de enero para buscar un arreglo a la crisis en Siria, se\u00f1alando que Rusia adoptar\u00e1 pasos concretos para impulsar el proceso de arreglo en Ginebra. En una entrevista para la &hellip;<\/p>\n","protected":false},"author":24,"featured_media":58528,"comment_status":"closed","ping_status":"closed","sticky":false,"template":"","format":"standard","meta":{"footnotes":""},"categories":[597,467,7541],"tags":[],"class_list":["post-60451","post","type-post","status-publish","format-standard","has-post-thumbnail","","category-cinta-de-noticias","category-siria-y-el-mundo","category-ultimas-noticias"],"_links":{"self":[{"href":"https:\/\/archive.sana.sy\/es\/index.php?rest_route=\/wp\/v2\/posts\/60451"}],"collection":[{"href":"https:\/\/archive.sana.sy\/es\/index.php?rest_route=\/wp\/v2\/posts"}],"about":[{"href":"https:\/\/archive.sana.sy\/es\/index.php?rest_route=\/wp\/v2\/types\/post"}],"author":[{"embeddable":true,"href":"https:\/\/archive.sana.sy\/es\/index.php?rest_route=\/wp\/v2\/users\/24"}],"replies":[{"embeddable":true,"href":"https:\/\/archive.sana.sy\/es\/index.php?rest_route=%2Fwp%2Fv2%2Fcomments&post=60451"}],"version-history":[{"count":0,"href":"https:\/\/archive.sana.sy\/es\/index.php?rest_route=\/wp\/v2\/posts\/60451\/revisions"}],"wp:featuredmedia":[{"embeddable":true,"href":"https:\/\/archive.sana.sy\/es\/index.php?rest_route=\/wp\/v2\/media\/58528"}],"wp:attachment":[{"href":"https:\/\/archive.sana.sy\/es\/index.php?rest_route=%2Fwp%2Fv2%2Fmedia&parent=60451"}],"wp:term":[{"taxonomy":"category","embeddable":true,"href":"https:\/\/archive.sana.sy\/es\/index.php?rest_route=%2Fwp%2Fv2%2Fcategories&post=60451"},{"taxonomy":"post_tag","embeddable":true,"href":"https:\/\/archive.sana.sy\/es\/index.php?rest_route=%2Fwp%2Fv2%2Ftags&post=60451"}],"curies":[{"name":"wp","href":"https:\/\/api.w.org\/{rel}","templated":true}]}}