{"id":60453,"date":"2017-02-05T16:54:28","date_gmt":"2017-02-05T14:54:28","guid":{"rendered":"http:\/\/www.sana.sy\/es\/?p=60453"},"modified":"2017-02-05T16:55:56","modified_gmt":"2017-02-05T14:55:56","slug":"60453","status":"publish","type":"post","link":"https:\/\/archive.sana.sy\/es\/?p=60453","title":{"rendered":"Creadas las condiciones adecuadas para el retorno de los desplazados a Ziyabiya"},"content":{"rendered":"<p><span style=\"color: #800000\">Quneitra, SANA<\/span><\/p>\n<p>El gobernador de Quneitra, Ahmad Sheikh Abdul-Qader confirm\u00f3 la culminaci\u00f3n de todos los arreglos y la restauraci\u00f3n de la infraestructura y los servicios b\u00e1sicos creando as\u00ed las condiciones\u00a0adecuadas para el retorno de los civiles desplazados a sus hogares en el Complejo Residencial de Ziyabiya para Desplazados en la parte\u00a0sure\u00f1a de la provincia de Rif Dimashq.<\/p>\n<p>El gobernador dijo en declaraciones a SANA que \u201ca partir de ma\u00f1ana lunes comenzar\u00e1 la devoluci\u00f3n de unos 25 mil habitantes \u2013originarios de la provincia de Quneitra- al complejo residencial de Ziyabiya tras concluirse la reparaci\u00f3n de la infraestructura\u201d, y aclar\u00f3 que el retorno tendr\u00e1 lugar de forma paulatina y por etapas, pues primero se permitir\u00e1 el regreso de familiares de m\u00e1rtires y heridos militares, y despu\u00e9s tendr\u00e1 lugar el regreso de los empleados y trabajadores\u00a0p\u00fablicos , y por \u00faltimo se autorizar\u00e1 el regreso de los civiles\u201d.<\/p>\n<p>Abdul-Qader puso de relieve que \u201cel valor de los da\u00f1os materiales acueductos, pozos de agua potable, alcantarillado, escuelas y policl\u00ednicos ] a consecuencia de los atentados terroristas se estima\u00a0en 1.2 mi millones de libras sirias, adem\u00e1s de 2 mil millones de libras en las redes el\u00e9ctricas en las comunidades de Sbeine, Ziyabiya y Heyyera en el extrarradio de Damasco\u201d.<br \/>\nRiyad Sh., Lynn A.<\/p>\n","protected":false},"excerpt":{"rendered":"<p>Quneitra, SANA El gobernador de Quneitra, Ahmad Sheikh Abdul-Qader confirm\u00f3 la culminaci\u00f3n de todos los arreglos y la restauraci\u00f3n de la infraestructura y los servicios b\u00e1sicos creando as\u00ed las condiciones\u00a0adecuadas para el retorno de los civiles desplazados a sus hogares en el Complejo Residencial de Ziyabiya para Desplazados en la parte\u00a0sure\u00f1a de la provincia de &hellip;<\/p>\n","protected":false},"author":24,"featured_media":60454,"comment_status":"closed","ping_status":"closed","sticky":false,"template":"","format":"standard","meta":{"footnotes":""},"categories":[476,7541],"tags":[],"class_list":["post-60453","post","type-post","status-publish","format-standard","has-post-thumbnail","","category-locales","category-ultimas-noticias"],"_links":{"self":[{"href":"https:\/\/archive.sana.sy\/es\/index.php?rest_route=\/wp\/v2\/posts\/60453"}],"collection":[{"href":"https:\/\/archive.sana.sy\/es\/index.php?rest_route=\/wp\/v2\/posts"}],"about":[{"href":"https:\/\/archive.sana.sy\/es\/index.php?rest_route=\/wp\/v2\/types\/post"}],"author":[{"embeddable":true,"href":"https:\/\/archive.sana.sy\/es\/index.php?rest_route=\/wp\/v2\/users\/24"}],"replies":[{"embeddable":true,"href":"https:\/\/archive.sana.sy\/es\/index.php?rest_route=%2Fwp%2Fv2%2Fcomments&post=60453"}],"version-history":[{"count":0,"href":"https:\/\/archive.sana.sy\/es\/index.php?rest_route=\/wp\/v2\/posts\/60453\/revisions"}],"wp:featuredmedia":[{"embeddable":true,"href":"https:\/\/archive.sana.sy\/es\/index.php?rest_route=\/wp\/v2\/media\/60454"}],"wp:attachment":[{"href":"https:\/\/archive.sana.sy\/es\/index.php?rest_route=%2Fwp%2Fv2%2Fmedia&parent=60453"}],"wp:term":[{"taxonomy":"category","embeddable":true,"href":"https:\/\/archive.sana.sy\/es\/index.php?rest_route=%2Fwp%2Fv2%2Fcategories&post=60453"},{"taxonomy":"post_tag","embeddable":true,"href":"https:\/\/archive.sana.sy\/es\/index.php?rest_route=%2Fwp%2Fv2%2Ftags&post=60453"}],"curies":[{"name":"wp","href":"https:\/\/api.w.org\/{rel}","templated":true}]}}