{"id":6109,"date":"2014-08-02T15:15:42","date_gmt":"2014-08-02T12:15:42","guid":{"rendered":"http:\/\/www.sana.sy\/es\/?p=6109"},"modified":"2014-08-03T13:25:09","modified_gmt":"2014-08-03T10:25:09","slug":"al-mekdad-siria-seguira-luchando-contra-el-terrorismo-secundado-por-occidente","status":"publish","type":"post","link":"https:\/\/archive.sana.sy\/es\/?p=6109","title":{"rendered":"Al-Mekdad: Siria seguir\u00e1 luchando contra el terrorismo secundado por Occidente"},"content":{"rendered":"<p style=\"text-align: justify\">Beirut, SANA<\/p>\n<p style=\"text-align: justify\">El vicecanciller Faisal al-Mekdad, se\u00f1al\u00f3 que Siria seguir\u00e1 luchando contra el terrorismo secundado por Occidente y algunos reg\u00edmenes \u00e1rabes, para preservar la soberan\u00eda de su pueblo.<\/p>\n<p style=\"text-align: justify\">En un art\u00edculo publicado en el diario liban\u00e9s de \u201cal-Binaa\u201d, el Vicecanciller sirio denunci\u00f3 que los pa\u00edses del golfo que apoyan a los terroristas que comen corazones humanas y ejecutan decapitaciones en Siria, no han reaccionado ante la agresi\u00f3n israel\u00ed contra Gaza.<\/p>\n<p style=\"text-align: justify\">Asimismo, hizo hincapi\u00e9 en que Occidente busca detr\u00e1s de su agitaci\u00f3n a Oriente Medio, garantizar m\u00e1s protecci\u00f3n a Israel y el flujo del petr\u00f3leo a los mercados europeos.<\/p>\n<p style=\"text-align: justify\">Al-Medad enfatiz\u00f3 que los funcionarios rusos se esforzaron por llegar a un acuerdo con los representantes de Francia, Gran Breta\u00f1a y EEUU sobre un comunicado que denuncia el financiamiento a los terroristas de los ingresos creados por la venta il\u00edcita del petr\u00f3leo de Siria e Irak, denunciando que los pa\u00edses occidentales han impedido al Consejo de Seguridad Internacional de emitir una resoluci\u00f3n que ponga t\u00e9rmino a la sangrante agresi\u00f3n israel\u00ed contra la Franja de Gaza para proteger a \u201cIsrael\u201d.<\/p>\n<p style=\"text-align: justify\">El alto cargo sirio concluy\u00f3 su art\u00edculo subrayando que ni la historia ni los pueblos del mundo tolerar\u00e1n a aquellos que ejecutan matanzas, destrucciones y aplican pol\u00edticas fascistas para acabar con el patrimonio cultural y humano de nuestro pa\u00eds.<\/p>\n<p style=\"text-align: justify\">Lynn A., Fady M.<\/p>\n","protected":false},"excerpt":{"rendered":"<p>Beirut, SANA El vicecanciller Faisal al-Mekdad, se\u00f1al\u00f3 que Siria seguir\u00e1 luchando contra el terrorismo secundado por Occidente y algunos reg\u00edmenes \u00e1rabes, para preservar la soberan\u00eda de su pueblo. En un art\u00edculo publicado en el diario liban\u00e9s de \u201cal-Binaa\u201d, el Vicecanciller sirio denunci\u00f3 que los pa\u00edses del golfo que apoyan a los terroristas que comen corazones &hellip;<\/p>\n","protected":false},"author":24,"featured_media":6141,"comment_status":"closed","ping_status":"closed","sticky":false,"template":"","format":"standard","meta":{"footnotes":""},"categories":[555,576],"tags":[1382],"class_list":["post-6109","post","type-post","status-publish","format-standard","has-post-thumbnail","","category-prensa","category-noticias-politicas","tag-al-mekdad-siria-seguira-luchando-contra-el-terrorismo-secundado-por-occidente"],"_links":{"self":[{"href":"https:\/\/archive.sana.sy\/es\/index.php?rest_route=\/wp\/v2\/posts\/6109"}],"collection":[{"href":"https:\/\/archive.sana.sy\/es\/index.php?rest_route=\/wp\/v2\/posts"}],"about":[{"href":"https:\/\/archive.sana.sy\/es\/index.php?rest_route=\/wp\/v2\/types\/post"}],"author":[{"embeddable":true,"href":"https:\/\/archive.sana.sy\/es\/index.php?rest_route=\/wp\/v2\/users\/24"}],"replies":[{"embeddable":true,"href":"https:\/\/archive.sana.sy\/es\/index.php?rest_route=%2Fwp%2Fv2%2Fcomments&post=6109"}],"version-history":[{"count":0,"href":"https:\/\/archive.sana.sy\/es\/index.php?rest_route=\/wp\/v2\/posts\/6109\/revisions"}],"wp:featuredmedia":[{"embeddable":true,"href":"https:\/\/archive.sana.sy\/es\/index.php?rest_route=\/wp\/v2\/media\/6141"}],"wp:attachment":[{"href":"https:\/\/archive.sana.sy\/es\/index.php?rest_route=%2Fwp%2Fv2%2Fmedia&parent=6109"}],"wp:term":[{"taxonomy":"category","embeddable":true,"href":"https:\/\/archive.sana.sy\/es\/index.php?rest_route=%2Fwp%2Fv2%2Fcategories&post=6109"},{"taxonomy":"post_tag","embeddable":true,"href":"https:\/\/archive.sana.sy\/es\/index.php?rest_route=%2Fwp%2Fv2%2Ftags&post=6109"}],"curies":[{"name":"wp","href":"https:\/\/api.w.org\/{rel}","templated":true}]}}