{"id":61098,"date":"2017-02-18T19:36:47","date_gmt":"2017-02-18T17:36:47","guid":{"rendered":"http:\/\/www.sana.sy\/es\/?p=61098"},"modified":"2017-02-18T19:36:53","modified_gmt":"2017-02-18T17:36:53","slug":"el-ejercito-destruye-3-vehiculos-de-al-nusra-y-aniquila-a-varios-terroristas-en-los-campo-de-idleb-y-hama","status":"publish","type":"post","link":"https:\/\/archive.sana.sy\/es\/?p=61098","title":{"rendered":"Ej\u00e9rcito acaba con terroristas del Frente de al-Nusra y Daesh en los campos de Idleb, Hama y Deir Ezzor y recupera ocho pueblos en el campo este de Alepo"},"content":{"rendered":"<p><span style=\"color: #800000;\">Provincias,\u00a0SANA<\/span><\/p>\n<p><span style=\"color: #0000ff;\">Homs<\/span><\/p>\n<p>Una fuente militar inform\u00f3 que unidades del Ej\u00e9rcito, apoyadas por las fuerzas aliadas, recuperaron el control de la localidad de Tarfa al Gharbiya que se sit\u00faa en la direcci\u00f3n hacia al Bayarat, en la comarca oriental de Homs, tras acabar con varios terroristas de Daesh y destruir sus veh\u00edculos.<\/p>\n<p><span style=\"color: #0000ff;\">Idleb y Hama<\/span><\/p>\n<p>Unidades del Ej\u00e9rcito lanzaron disparos intensivos contra posiciones de los terroristas del Frente de al Nusra en las localidades de al Habit y Rakaya Sayna, en el campo de Idleb, y acabaron con varios integrantes de grupos terroristas, entre ellos cabecillas, en los campos de Idleb y Hama.<\/p>\n<p>Los disparos del Ej\u00e9rcito causaron la muerte de un terrorista y la herida de otros 13, adem\u00e1s de la destrucci\u00f3n de dos veh\u00edculos cargados con armas y municiones.<\/p>\n<p>En la zona de al Yabriya, una unidad del Ej\u00e9rcito atac\u00f3 un centro de comando de los terroristas de al Nusra causando la muerte de un terrorista y la herida de otros 7, y en las inmediaciones de al Tamanaa caus\u00f3 tres heridos en filas de los terroristas.<\/p>\n<p>Las continuas operaciones del Ej\u00e9rcito para erradicar al terrorismo en la comarca norte\u00f1a de Hama caus\u00f3 la muerte del cabecilla del Frente de al Nusra en la localidad de Atshan, y la destrucci\u00f3n de un veh\u00edculo equipado con ametralladora pesada de los grupos terroristas en la zona de al Sayyad.<\/p>\n<p><span style=\"color: #0000ff;\">Deir Ezzor<\/span><\/p>\n<p>En el noreste del pa\u00eds, una unidad del ej\u00e9rcito\u00a0derrib\u00f3 un avi\u00f3n no tripulado cargado de bombas de los terroristas de Daesh, el cual sobrevolaba la colina de al-Rwad al suroeste de la ciudad.<\/p>\n<p>A\u00f1adi\u00f3 que la aviaci\u00f3n militar siria asest\u00f3 duros golpes a agrupaciones de Daesh en la periferia de la zona de al-Makaber situada en los extremos sure\u00f1os de la ciudad de Deir Ezzor, luego de haber acabado con numerosos integrantes de esta organizaci\u00f3n terrorista.<\/p>\n<p>A todo ello, fuentes civiles en la ciudad de al-Bukamal revelaron que dos terroristas de Daesh fueron aniquilados en dicha ciudad, uno de los dos era de nacionalidad iraqu\u00ed.<\/p>\n<p>Precisaron que la organizaci\u00f3n terrorista de Daesh impone a los due\u00f1os de los negocios en la mayor\u00eda de las calles del zoko de al-Bukamal pagar el costo de las carpas que tienden en dichas calles con la intenci\u00f3n de impedir su observaci\u00f3n por la aviaci\u00f3n de reconocimiento.<\/p>\n<p><span style=\"color: #0000ff;\">Alepo<\/span><\/p>\n<p>En paralelo, unidades del ej\u00e9rcito sirio recuperaron el pleno control de m\u00e1s de ocho pueblos en el campo este de Alepo, despu\u00e9s de haber librado feroces enfrentamientos contra los terroristas de Daesh.<\/p>\n<p>las zonas\u00a0recuperadas son: Magharat Abou Yabar, Mesheirfet Abou Yabar, Beiyan, la colina estrat\u00e9gica de Beiyan, Rasem al-Kema, Rasem al-Kabir, Shwaeileikh, y la colina estrat\u00e9gica de Hamimeh, seg\u00fan inform\u00f3 el reportero de SANA.<\/p>\n<p>Precis\u00f3 que las unidades castrenses sirias limpiaron decenas de kil\u00f3metros de t\u00faneles, trincheras, y barricadas instaladas por los terroristas de Daesh para obstaculizar el avance del ej\u00e9rcito en dicha \u00e1rea.<\/p>\n<p>A\u00f1adi\u00f3 que los zapadores del ej\u00e9rcito neutralizaron centenares de artefactos explosivos sembrados por los terroristas de Daesh en los pueblos y las tierras que volvieron bajo su control.<\/p>\n<p>El Comando General del Ej\u00e9rcito y las Fuerzas Armadas anunci\u00f3 el 2 del mes en curso la liberaci\u00f3n de 32 localidades y granjas del terrorismo de Daesh en el campo este de Alepo.<\/p>\n<p>&nbsp;<\/p>\n<p><span style=\"color: #0000ff;\">Akram. S., Lynn A.<\/span><\/p>\n","protected":false},"excerpt":{"rendered":"<p>Provincias,\u00a0SANA Homs Una fuente militar inform\u00f3 que unidades del Ej\u00e9rcito, apoyadas por las fuerzas aliadas, recuperaron el control de la localidad de Tarfa al Gharbiya que se sit\u00faa en la direcci\u00f3n hacia al Bayarat, en la comarca oriental de Homs, tras acabar con varios terroristas de Daesh y destruir sus veh\u00edculos. Idleb y Hama Unidades &hellip;<\/p>\n","protected":false},"author":1,"featured_media":61099,"comment_status":"closed","ping_status":"closed","sticky":false,"template":"","format":"standard","meta":{"footnotes":""},"categories":[597,573,583,7541],"tags":[],"class_list":["post-61098","post","type-post","status-publish","format-standard","has-post-thumbnail","","category-cinta-de-noticias","category-la-realidad-de-los-acontecimientos-en-siria","category-slide","category-ultimas-noticias"],"_links":{"self":[{"href":"https:\/\/archive.sana.sy\/es\/index.php?rest_route=\/wp\/v2\/posts\/61098"}],"collection":[{"href":"https:\/\/archive.sana.sy\/es\/index.php?rest_route=\/wp\/v2\/posts"}],"about":[{"href":"https:\/\/archive.sana.sy\/es\/index.php?rest_route=\/wp\/v2\/types\/post"}],"author":[{"embeddable":true,"href":"https:\/\/archive.sana.sy\/es\/index.php?rest_route=\/wp\/v2\/users\/1"}],"replies":[{"embeddable":true,"href":"https:\/\/archive.sana.sy\/es\/index.php?rest_route=%2Fwp%2Fv2%2Fcomments&post=61098"}],"version-history":[{"count":0,"href":"https:\/\/archive.sana.sy\/es\/index.php?rest_route=\/wp\/v2\/posts\/61098\/revisions"}],"wp:featuredmedia":[{"embeddable":true,"href":"https:\/\/archive.sana.sy\/es\/index.php?rest_route=\/wp\/v2\/media\/61099"}],"wp:attachment":[{"href":"https:\/\/archive.sana.sy\/es\/index.php?rest_route=%2Fwp%2Fv2%2Fmedia&parent=61098"}],"wp:term":[{"taxonomy":"category","embeddable":true,"href":"https:\/\/archive.sana.sy\/es\/index.php?rest_route=%2Fwp%2Fv2%2Fcategories&post=61098"},{"taxonomy":"post_tag","embeddable":true,"href":"https:\/\/archive.sana.sy\/es\/index.php?rest_route=%2Fwp%2Fv2%2Ftags&post=61098"}],"curies":[{"name":"wp","href":"https:\/\/api.w.org\/{rel}","templated":true}]}}