{"id":61146,"date":"2017-02-19T14:52:36","date_gmt":"2017-02-19T12:52:36","guid":{"rendered":"http:\/\/www.sana.sy\/es\/?p=61146"},"modified":"2017-02-19T16:48:21","modified_gmt":"2017-02-19T14:48:21","slug":"un-nino-muere-en-un-bombardeo-terrorista-sobre-deraa","status":"publish","type":"post","link":"https:\/\/archive.sana.sy\/es\/?p=61146","title":{"rendered":"Un ni\u00f1o muere en un bombardeo terrorista sobre Deraa"},"content":{"rendered":"<p><span style=\"color: #800000\">Deraa, SANA<\/span><\/p>\n<p>Un ni\u00f1o muri\u00f3 en el bombardeo con proyectiles cohete efectuado por terroristas sobre el barrio de al-Sahari en la ciudad de Deraa.<\/p>\n<p>La corresponsal de SANA en Deraa inform\u00f3 que terroristas emplazados en el distrito de Deraa Balad bombardearon el barrio de al-Sahari con proyectiles cohete lo cual ocasion\u00f3 \u201cla muerte de un ni\u00f1o y da\u00f1os materiales en viviendas y propiedades p\u00fablicas y privadas\u201d.<\/p>\n<p>Cabe destacar que ayer 3 personas murieron y otros 5 fueron heridos como consecuencia de un proyectil cohete disparado por terroristas de al-Nusra contra el barrio de Al-Kashef situado al este de la ciudad de Deraa.<\/p>\n<p>&nbsp;<\/p>\n<p>Riyad Sh., Lynn A.<\/p>\n","protected":false},"excerpt":{"rendered":"<p>Deraa, SANA Un ni\u00f1o muri\u00f3 en el bombardeo con proyectiles cohete efectuado por terroristas sobre el barrio de al-Sahari en la ciudad de Deraa. La corresponsal de SANA en Deraa inform\u00f3 que terroristas emplazados en el distrito de Deraa Balad bombardearon el barrio de al-Sahari con proyectiles cohete lo cual ocasion\u00f3 \u201cla muerte de un &hellip;<\/p>\n","protected":false},"author":24,"featured_media":61147,"comment_status":"closed","ping_status":"closed","sticky":false,"template":"","format":"standard","meta":{"footnotes":""},"categories":[597,573,583,7541],"tags":[],"class_list":["post-61146","post","type-post","status-publish","format-standard","has-post-thumbnail","","category-cinta-de-noticias","category-la-realidad-de-los-acontecimientos-en-siria","category-slide","category-ultimas-noticias"],"_links":{"self":[{"href":"https:\/\/archive.sana.sy\/es\/index.php?rest_route=\/wp\/v2\/posts\/61146"}],"collection":[{"href":"https:\/\/archive.sana.sy\/es\/index.php?rest_route=\/wp\/v2\/posts"}],"about":[{"href":"https:\/\/archive.sana.sy\/es\/index.php?rest_route=\/wp\/v2\/types\/post"}],"author":[{"embeddable":true,"href":"https:\/\/archive.sana.sy\/es\/index.php?rest_route=\/wp\/v2\/users\/24"}],"replies":[{"embeddable":true,"href":"https:\/\/archive.sana.sy\/es\/index.php?rest_route=%2Fwp%2Fv2%2Fcomments&post=61146"}],"version-history":[{"count":0,"href":"https:\/\/archive.sana.sy\/es\/index.php?rest_route=\/wp\/v2\/posts\/61146\/revisions"}],"wp:featuredmedia":[{"embeddable":true,"href":"https:\/\/archive.sana.sy\/es\/index.php?rest_route=\/wp\/v2\/media\/61147"}],"wp:attachment":[{"href":"https:\/\/archive.sana.sy\/es\/index.php?rest_route=%2Fwp%2Fv2%2Fmedia&parent=61146"}],"wp:term":[{"taxonomy":"category","embeddable":true,"href":"https:\/\/archive.sana.sy\/es\/index.php?rest_route=%2Fwp%2Fv2%2Fcategories&post=61146"},{"taxonomy":"post_tag","embeddable":true,"href":"https:\/\/archive.sana.sy\/es\/index.php?rest_route=%2Fwp%2Fv2%2Ftags&post=61146"}],"curies":[{"name":"wp","href":"https:\/\/api.w.org\/{rel}","templated":true}]}}