{"id":6115,"date":"2014-08-02T14:31:21","date_gmt":"2014-08-02T11:31:21","guid":{"rendered":"http:\/\/www.sana.sy\/es\/?p=6115"},"modified":"2023-01-10T14:35:27","modified_gmt":"2023-01-10T12:35:27","slug":"abdul-hadi-esta-en-marcha-el-trabajo-para-evacuar-el-campamento-palestino-de-yarmuk","status":"publish","type":"post","link":"https:\/\/archive.sana.sy\/es\/?p=6115","title":{"rendered":"Abdul Hadi: est\u00e1 en marcha el trabajo para evacuar el campamento palestino de Yarmuk"},"content":{"rendered":"<p>Damasco, SANA<\/p>\n<p>El jefe del Departamento Pol\u00edtico de la Organizaci\u00f3n para la Liberaci\u00f3n de Palestina (OLP), embajador Anwar Abed al-Hadi, confirm\u00f3 que se est\u00e1 trabajando para aplicar el acuerdo alcanzado el 21 del pasado mes de junio, el cual estipula la evacuaci\u00f3n del campamento palestino de Yarmuk en Damasco de las armas y de los armados, y restablecer los servicios en el mismo.<\/p>\n<p>En declaraciones a la agencia SANA, el alto responsable palestino se\u00f1al\u00f3 que el Gobierno sirio y la OLP est\u00e1n determinados a ejecutar el acuerdo, y se est\u00e1 trabajando con pasos para lograr este fin.<\/p>\n<p>Abdul al-Hadi elogi\u00f3 los enormes esfuerzos desempe\u00f1ados por el Gobierno sirio para aliviar el sufrimiento de los habitantes del campamento palestino asediado por los terroristas, mediante facilitar el ingreso de las ayudas humanitarias en el mismo y evacuar a los enfermos y estudiantes.<\/p>\n<p>&nbsp;<\/p>\n<p>Lynn A., Fady M.<\/p>\n","protected":false},"excerpt":{"rendered":"<p>Damasco, SANA El jefe del Departamento Pol\u00edtico de la Organizaci\u00f3n para la Liberaci\u00f3n de Palestina (OLP), embajador Anwar Abed al-Hadi, confirm\u00f3 que se est\u00e1 trabajando para aplicar el acuerdo alcanzado el 21 del pasado mes de junio, el cual estipula la evacuaci\u00f3n del campamento palestino de Yarmuk en Damasco de las armas y de los &hellip;<\/p>\n","protected":false},"author":24,"featured_media":6116,"comment_status":"closed","ping_status":"closed","sticky":false,"template":"","format":"standard","meta":{"footnotes":""},"categories":[447,597,576],"tags":[1384],"class_list":["post-6115","post","type-post","status-publish","format-standard","has-post-thumbnail","","category-local-politica","category-cinta-de-noticias","category-noticias-politicas","tag-abdul-hadi-esta-en-marcha-el-trabajo-para-evacuar-el-campamento-palestino-de-yarmuk"],"_links":{"self":[{"href":"https:\/\/archive.sana.sy\/es\/index.php?rest_route=\/wp\/v2\/posts\/6115"}],"collection":[{"href":"https:\/\/archive.sana.sy\/es\/index.php?rest_route=\/wp\/v2\/posts"}],"about":[{"href":"https:\/\/archive.sana.sy\/es\/index.php?rest_route=\/wp\/v2\/types\/post"}],"author":[{"embeddable":true,"href":"https:\/\/archive.sana.sy\/es\/index.php?rest_route=\/wp\/v2\/users\/24"}],"replies":[{"embeddable":true,"href":"https:\/\/archive.sana.sy\/es\/index.php?rest_route=%2Fwp%2Fv2%2Fcomments&post=6115"}],"version-history":[{"count":0,"href":"https:\/\/archive.sana.sy\/es\/index.php?rest_route=\/wp\/v2\/posts\/6115\/revisions"}],"wp:featuredmedia":[{"embeddable":true,"href":"https:\/\/archive.sana.sy\/es\/index.php?rest_route=\/wp\/v2\/media\/6116"}],"wp:attachment":[{"href":"https:\/\/archive.sana.sy\/es\/index.php?rest_route=%2Fwp%2Fv2%2Fmedia&parent=6115"}],"wp:term":[{"taxonomy":"category","embeddable":true,"href":"https:\/\/archive.sana.sy\/es\/index.php?rest_route=%2Fwp%2Fv2%2Fcategories&post=6115"},{"taxonomy":"post_tag","embeddable":true,"href":"https:\/\/archive.sana.sy\/es\/index.php?rest_route=%2Fwp%2Fv2%2Ftags&post=6115"}],"curies":[{"name":"wp","href":"https:\/\/api.w.org\/{rel}","templated":true}]}}