{"id":61158,"date":"2017-02-19T19:33:59","date_gmt":"2017-02-19T17:33:59","guid":{"rendered":"http:\/\/www.sana.sy\/es\/?p=61158"},"modified":"2017-02-19T20:14:45","modified_gmt":"2017-02-19T18:14:45","slug":"ejercito-y-aviacion-militar-atacan-feudos-de-terroristas-del-frente-de-al-nousra-y-daesh-en-los-campos-de-hama-idleb-y-deir-ezzor","status":"publish","type":"post","link":"https:\/\/archive.sana.sy\/es\/?p=61158","title":{"rendered":"Ej\u00e9rcito y aviaci\u00f3n militar atacan feudos de terroristas del Frente de al-Nousra y Daesh en los campos de Hama, Idleb y Deir Ezzor y recuperan m\u00e1s zonas en el campo este de Homs"},"content":{"rendered":"<p><span style=\"color: #800000\">Provincias, SANA<\/span><\/p>\n<p>Una unidad del ej\u00e9rcito sirio choc\u00f3 este domingo con un grupo terrorista de Daesh que se hab\u00eda infiltrado en la zona de Panorama en la entrada sure\u00f1a de la ciudad de Deir Ezzor, lo que caus\u00f3 la muerte de unos integrantes del grupo y la herida de otros, inform\u00f3 el reportero de SANA.<\/p>\n<p>A\u00f1adi\u00f3 que la aviaci\u00f3n militar realiz\u00f3 una serie de redadas contra feudos de terroristas de Daesh en la zona de al-Makaber y los barrios al-Matar al-Qadim, al-Hamidiya y al-Sinaa en la ciudad de Deir Ezzor, causando la\u00a0destrucci\u00f3n de los mismos.<\/p>\n<p>Ayer, unidades del ej\u00e9rcito derribaron un avi\u00f3n no tripulado de los terroristas de Daesh, el cual sobrevolaba Talet al-Ruwad.<\/p>\n<p><span style=\"color: #0000ff\">Hama e Idleb<\/span><\/p>\n<p>En el campo norte de Hama, la artiller\u00eda siria bombarde\u00f3 convoyes de veh\u00edculos de terroristas del Frente de al-Nousra en la localidad de Kafarzita, ocasionando la aniquilaci\u00f3n de numerosos terroristas junto con un veh\u00edculo artillado suyo.<\/p>\n<p>En el campo este de Hama, los grupos de defensa popular de\u00a0la zona de Athraya emboscaron a un grupo terrorista de Daesh en la zona de Wadi al-Azeib.<\/p>\n<p>Este operativo dej\u00f3 entre muertos o heridos a todos los integrantes del grupo terrorista, se\u00f1al\u00f3 el reportero de SANA, aludiendo a la confiscaci\u00f3n de tres veh\u00edculos de este grupo.<\/p>\n<p>Aclar\u00f3 que el referido grupo terrorista se dirig\u00eda de de Wadi al-Azeib rumbo al pueblo de Tanahey en el campo este de Salamiya a fin de respaldar a los terroristas de Daesh en el campo de Palmira.<\/p>\n<p>En el campo sure\u00f1o de Idleb, la aviaci\u00f3n siria acab\u00f3 con un cabecilla del Frente de al-Nousra al bombardear uno de los refugios de esta organizaci\u00f3n terrorista en el pueblo de al-Tamaana.<\/p>\n<p><span style=\"color: #0000ff\">Homs<\/span><\/p>\n<p>En paralelo, unidades del ej\u00e9rcito sirio han continuado\u00a0sus avances en el campo este de Homs, donde recuperaron el control de m\u00e1s superficies de la zona de al-Bayarat en el campo oeste de Palmira.<\/p>\n<p>Seg\u00fan el reportero de SANA, unidades del ej\u00e9rcito sirio en cooperaci\u00f3n con las fuerzas de respaldo y las aliadas han realizado una serie de intensos operativos al este del pueblo de Turfah al-Gharbiya, que fue liberado ayer, en los cuales acab\u00f3 con agrupaciones terroristas de Daesh extendidas a una superficie que supera los tres kil\u00f3metros.<\/p>\n<p>Con este logro, las unidades castrenses sirias se encuentran a 13 km del tri\u00e1ngulo estrat\u00e9gico de Palmira, zona desde la misma se partir\u00e1n los operativos principales para liberar a la ciudad de Palmira.<\/p>\n<p>Por otra parte, el ej\u00e9rcito retom\u00f3 el control del poblado de Tarfeh Sharquieh, situado en la zona de Biarat, tras infligir colosales p\u00e9rdidas a terroristas de DAESH.<\/p>\n<p>Al sur de la zona de al-Bayarat, los uniformados sirios arrasaron con numerosos terroristas de Daesh y han proseguido su avance hacia el monte estrat\u00e9gico de al-Hayal.<\/p>\n<p><span style=\"color: #0000ff\">Damasco-Campo<\/span><\/p>\n<p>El ej\u00e9rcito bombarde\u00f3 zulos de terroristas en la colina de Thaher Aswad, campo de Damasco, lo que result\u00f3 en la muerte de al menos 5 terroristas y la destrucci\u00f3n de armas que estaban en su posesi\u00f3n.<\/p>\n<p>Por otra parte, fue devastado un coche de terroristas del frente Al-Nusra cerca de Mgher Mir con un misil teledirigido disparado por efectivos de las fuerzas armadas. Los terroristas que iban en el coche antemencionado resultaron muertos o heridos a consecuencia de la destrucci\u00f3n del veh\u00edculo.<\/p>\n<p>&nbsp;<\/p>\n<p>Lynn A.\/Y.K<\/p>\n","protected":false},"excerpt":{"rendered":"<p>Provincias, SANA Una unidad del ej\u00e9rcito sirio choc\u00f3 este domingo con un grupo terrorista de Daesh que se hab\u00eda infiltrado en la zona de Panorama en la entrada sure\u00f1a de la ciudad de Deir Ezzor, lo que caus\u00f3 la muerte de unos integrantes del grupo y la herida de otros, inform\u00f3 el reportero de SANA. &hellip;<\/p>\n","protected":false},"author":24,"featured_media":60342,"comment_status":"closed","ping_status":"closed","sticky":false,"template":"","format":"standard","meta":{"footnotes":""},"categories":[597,573,583],"tags":[],"class_list":["post-61158","post","type-post","status-publish","format-standard","has-post-thumbnail","","category-cinta-de-noticias","category-la-realidad-de-los-acontecimientos-en-siria","category-slide"],"_links":{"self":[{"href":"https:\/\/archive.sana.sy\/es\/index.php?rest_route=\/wp\/v2\/posts\/61158"}],"collection":[{"href":"https:\/\/archive.sana.sy\/es\/index.php?rest_route=\/wp\/v2\/posts"}],"about":[{"href":"https:\/\/archive.sana.sy\/es\/index.php?rest_route=\/wp\/v2\/types\/post"}],"author":[{"embeddable":true,"href":"https:\/\/archive.sana.sy\/es\/index.php?rest_route=\/wp\/v2\/users\/24"}],"replies":[{"embeddable":true,"href":"https:\/\/archive.sana.sy\/es\/index.php?rest_route=%2Fwp%2Fv2%2Fcomments&post=61158"}],"version-history":[{"count":0,"href":"https:\/\/archive.sana.sy\/es\/index.php?rest_route=\/wp\/v2\/posts\/61158\/revisions"}],"wp:featuredmedia":[{"embeddable":true,"href":"https:\/\/archive.sana.sy\/es\/index.php?rest_route=\/wp\/v2\/media\/60342"}],"wp:attachment":[{"href":"https:\/\/archive.sana.sy\/es\/index.php?rest_route=%2Fwp%2Fv2%2Fmedia&parent=61158"}],"wp:term":[{"taxonomy":"category","embeddable":true,"href":"https:\/\/archive.sana.sy\/es\/index.php?rest_route=%2Fwp%2Fv2%2Fcategories&post=61158"},{"taxonomy":"post_tag","embeddable":true,"href":"https:\/\/archive.sana.sy\/es\/index.php?rest_route=%2Fwp%2Fv2%2Ftags&post=61158"}],"curies":[{"name":"wp","href":"https:\/\/api.w.org\/{rel}","templated":true}]}}