{"id":61194,"date":"2017-02-20T18:02:35","date_gmt":"2017-02-20T16:02:35","guid":{"rendered":"http:\/\/www.sana.sy\/es\/?p=61194"},"modified":"2017-02-20T18:02:35","modified_gmt":"2017-02-20T16:02:35","slug":"ejercito-llama-a-los-civiles-a-volver-a-sus-hogares-en-los-poblados-liberados-en-el-campo-este-de-alepo","status":"publish","type":"post","link":"https:\/\/archive.sana.sy\/es\/?p=61194","title":{"rendered":"Ej\u00e9rcito llama a los civiles a volver a sus hogares en los poblados liberados en el campo este de Alepo"},"content":{"rendered":"<p>Alepo, SANA<\/p>\n<p>El Comando General del Ej\u00e9rcito y las Fuerzas Armadas dirigi\u00f3 un llamamiento a los ciudadanos para que regresen a sus hogares en los poblados que el ej\u00e9rcito liber\u00f3 de los terroristas del Daesh en el campo este de Alepo.<\/p>\n<p>Cabe resaltar que unidades del ej\u00e9rcito sirio hab\u00edan recuperado el pleno control de m\u00e1s de una treintena de pueblos en el campo este de Alepo, despu\u00e9s de haber librado feroces enfrentamientos contra los terroristas del Daesh.<\/p>\n<p>Los poblados recuperadas el fin de semana pasado sonb: Magharat Abu Yabar, Mesheirfet Abu Yabar, Beiyan, la colina estrat\u00e9gica de Beiyan, Rasem Kema, Rasem Kabir, Shwaeileikh, y la colina estrat\u00e9gica de Hamimeh.<\/p>\n<p>Fadi M-Y.K.<\/p>\n","protected":false},"excerpt":{"rendered":"<p>Alepo, SANA El Comando General del Ej\u00e9rcito y las Fuerzas Armadas dirigi\u00f3 un llamamiento a los ciudadanos para que regresen a sus hogares en los poblados que el ej\u00e9rcito liber\u00f3 de los terroristas del Daesh en el campo este de Alepo. Cabe resaltar que unidades del ej\u00e9rcito sirio hab\u00edan recuperado el pleno control de m\u00e1s &hellip;<\/p>\n","protected":false},"author":1,"featured_media":58615,"comment_status":"closed","ping_status":"closed","sticky":false,"template":"","format":"standard","meta":{"footnotes":""},"categories":[573,583,7541],"tags":[],"class_list":["post-61194","post","type-post","status-publish","format-standard","has-post-thumbnail","","category-la-realidad-de-los-acontecimientos-en-siria","category-slide","category-ultimas-noticias"],"_links":{"self":[{"href":"https:\/\/archive.sana.sy\/es\/index.php?rest_route=\/wp\/v2\/posts\/61194"}],"collection":[{"href":"https:\/\/archive.sana.sy\/es\/index.php?rest_route=\/wp\/v2\/posts"}],"about":[{"href":"https:\/\/archive.sana.sy\/es\/index.php?rest_route=\/wp\/v2\/types\/post"}],"author":[{"embeddable":true,"href":"https:\/\/archive.sana.sy\/es\/index.php?rest_route=\/wp\/v2\/users\/1"}],"replies":[{"embeddable":true,"href":"https:\/\/archive.sana.sy\/es\/index.php?rest_route=%2Fwp%2Fv2%2Fcomments&post=61194"}],"version-history":[{"count":0,"href":"https:\/\/archive.sana.sy\/es\/index.php?rest_route=\/wp\/v2\/posts\/61194\/revisions"}],"wp:featuredmedia":[{"embeddable":true,"href":"https:\/\/archive.sana.sy\/es\/index.php?rest_route=\/wp\/v2\/media\/58615"}],"wp:attachment":[{"href":"https:\/\/archive.sana.sy\/es\/index.php?rest_route=%2Fwp%2Fv2%2Fmedia&parent=61194"}],"wp:term":[{"taxonomy":"category","embeddable":true,"href":"https:\/\/archive.sana.sy\/es\/index.php?rest_route=%2Fwp%2Fv2%2Fcategories&post=61194"},{"taxonomy":"post_tag","embeddable":true,"href":"https:\/\/archive.sana.sy\/es\/index.php?rest_route=%2Fwp%2Fv2%2Ftags&post=61194"}],"curies":[{"name":"wp","href":"https:\/\/api.w.org\/{rel}","templated":true}]}}