{"id":61203,"date":"2017-02-20T20:55:27","date_gmt":"2017-02-20T18:55:27","guid":{"rendered":"http:\/\/www.sana.sy\/es\/?p=61203"},"modified":"2017-02-20T20:55:51","modified_gmt":"2017-02-20T18:55:51","slug":"ffaa-acaban-con-37-elementos-de-daesh-en-sweida-y-hama-y-derribe-un-drone-en-dier-ezzor","status":"publish","type":"post","link":"https:\/\/archive.sana.sy\/es\/?p=61203","title":{"rendered":"FFAA acaban con 37 elementos de DAESH en Sweida y Hama y derribe un Drone en Dier Ezzor"},"content":{"rendered":"<p><span style=\"color: #800000;\">Provincias-SANA<\/span><\/p>\n<p>&nbsp;<\/p>\n<p><span style=\"color: #0000ff;\">Homs<\/span><\/p>\n<p>Una fuente militar inform\u00f3 que una unidad del Ej\u00e9rcito acab\u00f3 con 5 terroristas de Daesh e hiri\u00f3 a otros en la colina de Aied al Hassoun en la comarca oriental de Homs.<\/p>\n<p><span style=\"color: #0000ff;\">Deraa<\/span><\/p>\n<p>Una unidad del ej\u00e9rcito destruy\u00f3 un coche minado con grandes cantidades de explosivos que conduc\u00eda un suicida del frente Al-Nusra, antes de llegar a un punto militar en el barrio de Mnshieh.<\/p>\n<p>Asimismo otra unidad arras\u00f3 con un tanque, durante operativos en el mismo barrio.<\/p>\n<p><span style=\"color: #0000ff;\">Sweida<\/span><\/p>\n<p>El ej\u00e9rcito bombarde\u00f3 con artiller\u00eda un centro de concentraci\u00f3n de terroristas del EIIL al este del poblado de Rashideh.<\/p>\n<p>Seg\u00fan una fuente militar, la ofensiva culmin\u00f3 con la destrucci\u00f3n de varios veh\u00edculos de esta organizaci\u00f3n terrorista internacional y dej\u00f3 adem\u00e1s muertos y heridos en sus filas.<\/p>\n<p><span style=\"color: #0000ff;\">Dier Ezzor<\/span><\/p>\n<p>Entre tanto, las fuerzas armadas operando en la provincia de Dier Ezzor derribaron un Drone cargado con bombas de la organizaci\u00f3n terrorista DAESH<\/p>\n<p>Asimismo el ej\u00e9rcito devast\u00f3 fortines y centros de concentraci\u00f3n del EIIL en las inmediaciones de la zona del Maqaber y en el poblado de Yafra.<\/p>\n<p>De igual modo fueron eliminados y heridos un n\u00famero indeterminado de integrantes de DAESH en operativos del ej\u00e9rcito llevados a cabo en la zona de Haray Baqrieh y Husienieh.<\/p>\n<p><span style=\"color: #0000ff;\">Hama<\/span><\/p>\n<p>Los aviones de combate sirios por su parte, llevaron a cabo una serie de incursiones contra sedes y posiciones del EIIL en el poblado de Hmadi Omar.<\/p>\n<p>Seg\u00fan el corresponsal de SANA los ataques a\u00e9reos terminaron con la destrucci\u00f3n de un dep\u00f3sito que conten\u00eda armas y municiones y la muerte de 8 terroristas y la herida de otros 5.<\/p>\n<p>Los cazas sirios tambi\u00e9n atacaron convoyes de DAESH en el eje Aqieriat-Qasatel, lo que result\u00f3 en la muerte de 29 terroristas y la destrucci\u00f3n de 6 veh\u00edculos equipados con ametralladoras.<\/p>\n<p>Asimismo los aviones b\u00e9licos arrasaron con un tanque y un buld\u00f3cer del EIIL en el poblado de Suha.<\/p>\n<p>&nbsp;<\/p>\n<p><span style=\"color: #0000ff;\">Yamil K., Akram. S<\/span><\/p>\n","protected":false},"excerpt":{"rendered":"<p>Provincias-SANA &nbsp; Homs Una fuente militar inform\u00f3 que una unidad del Ej\u00e9rcito acab\u00f3 con 5 terroristas de Daesh e hiri\u00f3 a otros en la colina de Aied al Hassoun en la comarca oriental de Homs. Deraa Una unidad del ej\u00e9rcito destruy\u00f3 un coche minado con grandes cantidades de explosivos que conduc\u00eda un suicida del frente &hellip;<\/p>\n","protected":false},"author":1,"featured_media":61204,"comment_status":"closed","ping_status":"closed","sticky":false,"template":"","format":"standard","meta":{"footnotes":""},"categories":[573,583,7541],"tags":[],"class_list":["post-61203","post","type-post","status-publish","format-standard","has-post-thumbnail","","category-la-realidad-de-los-acontecimientos-en-siria","category-slide","category-ultimas-noticias"],"_links":{"self":[{"href":"https:\/\/archive.sana.sy\/es\/index.php?rest_route=\/wp\/v2\/posts\/61203"}],"collection":[{"href":"https:\/\/archive.sana.sy\/es\/index.php?rest_route=\/wp\/v2\/posts"}],"about":[{"href":"https:\/\/archive.sana.sy\/es\/index.php?rest_route=\/wp\/v2\/types\/post"}],"author":[{"embeddable":true,"href":"https:\/\/archive.sana.sy\/es\/index.php?rest_route=\/wp\/v2\/users\/1"}],"replies":[{"embeddable":true,"href":"https:\/\/archive.sana.sy\/es\/index.php?rest_route=%2Fwp%2Fv2%2Fcomments&post=61203"}],"version-history":[{"count":0,"href":"https:\/\/archive.sana.sy\/es\/index.php?rest_route=\/wp\/v2\/posts\/61203\/revisions"}],"wp:featuredmedia":[{"embeddable":true,"href":"https:\/\/archive.sana.sy\/es\/index.php?rest_route=\/wp\/v2\/media\/61204"}],"wp:attachment":[{"href":"https:\/\/archive.sana.sy\/es\/index.php?rest_route=%2Fwp%2Fv2%2Fmedia&parent=61203"}],"wp:term":[{"taxonomy":"category","embeddable":true,"href":"https:\/\/archive.sana.sy\/es\/index.php?rest_route=%2Fwp%2Fv2%2Fcategories&post=61203"},{"taxonomy":"post_tag","embeddable":true,"href":"https:\/\/archive.sana.sy\/es\/index.php?rest_route=%2Fwp%2Fv2%2Ftags&post=61203"}],"curies":[{"name":"wp","href":"https:\/\/api.w.org\/{rel}","templated":true}]}}