{"id":61226,"date":"2017-02-21T17:26:26","date_gmt":"2017-02-21T15:26:26","guid":{"rendered":"http:\/\/www.sana.sy\/es\/?p=61226"},"modified":"2017-02-21T21:02:39","modified_gmt":"2017-02-21T19:02:39","slug":"ejercito-destruye-ocho-vehiculos-belicos-del-daesh-en-la-ciudad-de-deir-ezzor","status":"publish","type":"post","link":"https:\/\/archive.sana.sy\/es\/?p=61226","title":{"rendered":"Ej\u00e9rcito aniquila a terroristas de Daesh y el Frente de al-Nous en Deir Ezzor, Hama e Idleb"},"content":{"rendered":"<div id=\"m_951916741395906481yui_3_16_0_ym19_1_1487654892471_73200\">\n<p><span style=\"color: #800000\">Provincias, SANA<\/span><\/p>\n<p>Unidades del Ej\u00e9rcito sirio respaldadas por las fuerzas aliadas, llevaron a cabo operaciones contra los terroristas del grupo takfir\u00ed Daesh, en la ciudad de Deir Ezzor.<\/p>\n<p>Seg\u00fan el reportero de SANA, la aviaci\u00f3n militar siria infligi\u00f3 numerosas bajas entre los terroristas de Daesh en la periferia del monte al-Tharda, y en las zonas de al-Makaber, Sariyet Yneid, y el barrio de al-Urfi.<\/p>\n<p>Las operaciones se centraron en el barrio de Huekah en la ribera norte\u00f1a del puente colgante que fue destruido por los terroristas en mayo del 2013.<\/p>\n<p>En los operativos, unos ocho veh\u00edculos equipados con ametralladoras pesadas fueron destruidos y varios terroristas quedaron eliminados.<\/p>\n<p><span style=\"color: #0000ff\">Idleb <\/span><\/p>\n<p>En el campo sure\u00f1o de Idleb, los aviones de combate sirios destruyeron a los terroristas del Frente de al-Nousra dos dep\u00f3sitos que abarcaban coches bomba y pertrechos b\u00e9licos en la finca al-Tellawi en la localidad de Khan Sheikun ubicada a 70 km al sur de la ciudad de Idleb.<\/p>\n<p>Al sur de la localidad de Khan Sheikun, la aviaci\u00f3n militar atac\u00f3 una agrupaci\u00f3n de terroristas afiliados al Frente de al-Nousra, ocasionando cinco heridos entre sus filas, y la destrucci\u00f3n de una camioneta suya.<\/p>\n<p><span style=\"color: #0000ff\">Hama<\/span><\/p>\n<p>En el campo norte de Hama, los uniformados sirios lanzaron operativos en el pueblo de al-Arbain, y las localidades de Kafarzeta y al-Latamneh.<\/p>\n<p>En los operativos varios terroristas resultaron muertos o heridos, y entre los muertos figuran dos cabecillas del Frente de al-Nousra.<\/p>\n<p>El ej\u00e9rcito tambi\u00e9n bombarde\u00f3 una sede de los terroristas del llamado \u201cYund al-Aqsa\u201d, dejando destruida a esta sede, y ocasionando la muerte de uno de sus integrantes, as\u00ed como heridas a otros tres.<\/p>\n<\/div>\n<p>&nbsp;<\/p>\n<div id=\"m_951916741395906481yui_3_16_0_ym19_1_1487654892471_73200\">\n<p>Fady M., Lynn A.<\/p>\n<\/div>\n","protected":false},"excerpt":{"rendered":"<p>Provincias, SANA Unidades del Ej\u00e9rcito sirio respaldadas por las fuerzas aliadas, llevaron a cabo operaciones contra los terroristas del grupo takfir\u00ed Daesh, en la ciudad de Deir Ezzor. Seg\u00fan el reportero de SANA, la aviaci\u00f3n militar siria infligi\u00f3 numerosas bajas entre los terroristas de Daesh en la periferia del monte al-Tharda, y en las zonas &hellip;<\/p>\n","protected":false},"author":24,"featured_media":55688,"comment_status":"closed","ping_status":"closed","sticky":false,"template":"","format":"standard","meta":{"footnotes":""},"categories":[573,583],"tags":[],"class_list":["post-61226","post","type-post","status-publish","format-standard","has-post-thumbnail","","category-la-realidad-de-los-acontecimientos-en-siria","category-slide"],"_links":{"self":[{"href":"https:\/\/archive.sana.sy\/es\/index.php?rest_route=\/wp\/v2\/posts\/61226"}],"collection":[{"href":"https:\/\/archive.sana.sy\/es\/index.php?rest_route=\/wp\/v2\/posts"}],"about":[{"href":"https:\/\/archive.sana.sy\/es\/index.php?rest_route=\/wp\/v2\/types\/post"}],"author":[{"embeddable":true,"href":"https:\/\/archive.sana.sy\/es\/index.php?rest_route=\/wp\/v2\/users\/24"}],"replies":[{"embeddable":true,"href":"https:\/\/archive.sana.sy\/es\/index.php?rest_route=%2Fwp%2Fv2%2Fcomments&post=61226"}],"version-history":[{"count":0,"href":"https:\/\/archive.sana.sy\/es\/index.php?rest_route=\/wp\/v2\/posts\/61226\/revisions"}],"wp:featuredmedia":[{"embeddable":true,"href":"https:\/\/archive.sana.sy\/es\/index.php?rest_route=\/wp\/v2\/media\/55688"}],"wp:attachment":[{"href":"https:\/\/archive.sana.sy\/es\/index.php?rest_route=%2Fwp%2Fv2%2Fmedia&parent=61226"}],"wp:term":[{"taxonomy":"category","embeddable":true,"href":"https:\/\/archive.sana.sy\/es\/index.php?rest_route=%2Fwp%2Fv2%2Fcategories&post=61226"},{"taxonomy":"post_tag","embeddable":true,"href":"https:\/\/archive.sana.sy\/es\/index.php?rest_route=%2Fwp%2Fv2%2Ftags&post=61226"}],"curies":[{"name":"wp","href":"https:\/\/api.w.org\/{rel}","templated":true}]}}