{"id":61228,"date":"2017-02-21T16:54:16","date_gmt":"2017-02-21T14:54:16","guid":{"rendered":"http:\/\/www.sana.sy\/es\/?p=61228"},"modified":"2017-02-21T19:42:39","modified_gmt":"2017-02-21T17:42:39","slug":"11-civiles-sirios-mueren-en-un-bombardeo-del-regimen-turco-contra-la-ciudad-de-al-bab","status":"publish","type":"post","link":"https:\/\/archive.sana.sy\/es\/?p=61228","title":{"rendered":"11 civiles sirios mueren en un bombardeo del r\u00e9gimen turco contra la ciudad de Al Bab"},"content":{"rendered":"<p><span style=\"color: #800000\">Alepo, SANA<\/span><\/p>\n<p>Las fuerzas del r\u00e9gimen turco cometieron una nueva masacre que se cobr\u00f3 la vida de un n\u00famero de ni\u00f1os y mujeres en la ciudad de Al Bab al este de Alepo.<\/p>\n<p>Fuentes civiles y medios de comunicaci\u00f3n informaron que la artiller\u00eda del r\u00e9gimen turco bombarde\u00f3 a los barrios residenciales en la ciudad de Al Bab ubicada a 38 km al noreste de la ciudad de Alepo, lo que caus\u00f3 la muerte de 11 personas, entre ellas tres ni\u00f1os y cuatro mujeres.<\/p>\n<p>El pasado jueves, 24 personas, entre ellos 11 ni\u00f1os y ocho mujeres, perdieron la vida en un bombardeo turco contra la ciudad.<\/p>\n<p>&nbsp;<\/p>\n<p>Fady M., Lynn A.<\/p>\n","protected":false},"excerpt":{"rendered":"<p>Alepo, SANA Las fuerzas del r\u00e9gimen turco cometieron una nueva masacre que se cobr\u00f3 la vida de un n\u00famero de ni\u00f1os y mujeres en la ciudad de Al Bab al este de Alepo. Fuentes civiles y medios de comunicaci\u00f3n informaron que la artiller\u00eda del r\u00e9gimen turco bombarde\u00f3 a los barrios residenciales en la ciudad de &hellip;<\/p>\n","protected":false},"author":24,"featured_media":61229,"comment_status":"closed","ping_status":"closed","sticky":false,"template":"","format":"standard","meta":{"footnotes":""},"categories":[597,573,583,7541],"tags":[],"class_list":["post-61228","post","type-post","status-publish","format-standard","has-post-thumbnail","","category-cinta-de-noticias","category-la-realidad-de-los-acontecimientos-en-siria","category-slide","category-ultimas-noticias"],"_links":{"self":[{"href":"https:\/\/archive.sana.sy\/es\/index.php?rest_route=\/wp\/v2\/posts\/61228"}],"collection":[{"href":"https:\/\/archive.sana.sy\/es\/index.php?rest_route=\/wp\/v2\/posts"}],"about":[{"href":"https:\/\/archive.sana.sy\/es\/index.php?rest_route=\/wp\/v2\/types\/post"}],"author":[{"embeddable":true,"href":"https:\/\/archive.sana.sy\/es\/index.php?rest_route=\/wp\/v2\/users\/24"}],"replies":[{"embeddable":true,"href":"https:\/\/archive.sana.sy\/es\/index.php?rest_route=%2Fwp%2Fv2%2Fcomments&post=61228"}],"version-history":[{"count":0,"href":"https:\/\/archive.sana.sy\/es\/index.php?rest_route=\/wp\/v2\/posts\/61228\/revisions"}],"wp:featuredmedia":[{"embeddable":true,"href":"https:\/\/archive.sana.sy\/es\/index.php?rest_route=\/wp\/v2\/media\/61229"}],"wp:attachment":[{"href":"https:\/\/archive.sana.sy\/es\/index.php?rest_route=%2Fwp%2Fv2%2Fmedia&parent=61228"}],"wp:term":[{"taxonomy":"category","embeddable":true,"href":"https:\/\/archive.sana.sy\/es\/index.php?rest_route=%2Fwp%2Fv2%2Fcategories&post=61228"},{"taxonomy":"post_tag","embeddable":true,"href":"https:\/\/archive.sana.sy\/es\/index.php?rest_route=%2Fwp%2Fv2%2Ftags&post=61228"}],"curies":[{"name":"wp","href":"https:\/\/api.w.org\/{rel}","templated":true}]}}