{"id":61275,"date":"2017-02-22T15:57:16","date_gmt":"2017-02-22T13:57:16","guid":{"rendered":"http:\/\/www.sana.sy\/es\/?p=61275"},"modified":"2017-02-22T15:57:16","modified_gmt":"2017-02-22T13:57:16","slug":"13-civiles-heridos-en-ataques-terroristas-del-daesh-contra-la-ciudad-de-deir-ezzor","status":"publish","type":"post","link":"https:\/\/archive.sana.sy\/es\/?p=61275","title":{"rendered":"13 civiles heridos en ataques terroristas del Daesh contra la ciudad de Deir Ezzor"},"content":{"rendered":"<p><span style=\"color: #800000\">Deir Ezzor, SANA<\/span><\/p>\n<p>13 civiles resultaron heridos en ataques con cohetes y morteros de los terroristas del &#8220;Daesh&#8221; contra los barrios residenciales de la ciudad de Deir Ezzor.<\/p>\n<p>En las \u00faltimas 24 horas, m\u00e1s de 10 cohetes y proyectiles de mortero disparados por terroristas impactaron en los barrios Al Jura y Al Qussur.<\/p>\n<p>Seg\u00fan inform\u00f3 el jefe del departamento provincial de salud, Abdul Nayen Obeid, la mayor\u00eda de los heridos son ni\u00f1os y mujeres.<br \/>\nFady M., Lynn A.<\/p>\n","protected":false},"excerpt":{"rendered":"<p>Deir Ezzor, SANA 13 civiles resultaron heridos en ataques con cohetes y morteros de los terroristas del &#8220;Daesh&#8221; contra los barrios residenciales de la ciudad de Deir Ezzor. En las \u00faltimas 24 horas, m\u00e1s de 10 cohetes y proyectiles de mortero disparados por terroristas impactaron en los barrios Al Jura y Al Qussur. Seg\u00fan inform\u00f3 &hellip;<\/p>\n","protected":false},"author":24,"featured_media":61276,"comment_status":"closed","ping_status":"closed","sticky":false,"template":"","format":"standard","meta":{"footnotes":""},"categories":[597,573,7541],"tags":[],"class_list":["post-61275","post","type-post","status-publish","format-standard","has-post-thumbnail","","category-cinta-de-noticias","category-la-realidad-de-los-acontecimientos-en-siria","category-ultimas-noticias"],"_links":{"self":[{"href":"https:\/\/archive.sana.sy\/es\/index.php?rest_route=\/wp\/v2\/posts\/61275"}],"collection":[{"href":"https:\/\/archive.sana.sy\/es\/index.php?rest_route=\/wp\/v2\/posts"}],"about":[{"href":"https:\/\/archive.sana.sy\/es\/index.php?rest_route=\/wp\/v2\/types\/post"}],"author":[{"embeddable":true,"href":"https:\/\/archive.sana.sy\/es\/index.php?rest_route=\/wp\/v2\/users\/24"}],"replies":[{"embeddable":true,"href":"https:\/\/archive.sana.sy\/es\/index.php?rest_route=%2Fwp%2Fv2%2Fcomments&post=61275"}],"version-history":[{"count":0,"href":"https:\/\/archive.sana.sy\/es\/index.php?rest_route=\/wp\/v2\/posts\/61275\/revisions"}],"wp:featuredmedia":[{"embeddable":true,"href":"https:\/\/archive.sana.sy\/es\/index.php?rest_route=\/wp\/v2\/media\/61276"}],"wp:attachment":[{"href":"https:\/\/archive.sana.sy\/es\/index.php?rest_route=%2Fwp%2Fv2%2Fmedia&parent=61275"}],"wp:term":[{"taxonomy":"category","embeddable":true,"href":"https:\/\/archive.sana.sy\/es\/index.php?rest_route=%2Fwp%2Fv2%2Fcategories&post=61275"},{"taxonomy":"post_tag","embeddable":true,"href":"https:\/\/archive.sana.sy\/es\/index.php?rest_route=%2Fwp%2Fv2%2Ftags&post=61275"}],"curies":[{"name":"wp","href":"https:\/\/api.w.org\/{rel}","templated":true}]}}