{"id":61278,"date":"2017-02-22T14:00:37","date_gmt":"2017-02-22T12:00:37","guid":{"rendered":"http:\/\/www.sana.sy\/es\/?p=61278"},"modified":"2017-02-22T16:00:26","modified_gmt":"2017-02-22T14:00:26","slug":"ex-ministro-israeli-admite-coordinacion-directa-con-los-grupos-terroristas-en-siria","status":"publish","type":"post","link":"https:\/\/archive.sana.sy\/es\/?p=61278","title":{"rendered":"Ex ministro israel\u00ed admite coordinaci\u00f3n directa con los grupos terroristas en Siria"},"content":{"rendered":"<p><span style=\"color: #800000\">Jerusal\u00e9n, SANA<\/span><\/p>\n<p>En el primer reconocimiento oficial sobre la relaci\u00f3n entre la entidad israel\u00ed y los grupos terroristas en Siria, el ex ministro de Guerra Moshe Yaalon, reconoci\u00f3 que existe una coordinaci\u00f3n entre Israel y los grupos terroristas en Siria, especialmente en las zonas cercanas al Gol\u00e1n sirio ocupado.<\/p>\n<p>&#8220;Nos ocuparemos de sus necesidades; no permitan a nadie acercarse al muro fronterizo&#8221;, dijo Yaalon citado Medios de comunicaci\u00f3n israel\u00edes.<\/p>\n<p>Agreg\u00f3 que las autoridades sionistas est\u00e1 comprometidas con esos grupos ya que ninguna acci\u00f3n se llev\u00f3 a cabo en contra de Israel desde las \u00e1reas bajo su control.&#8221;<\/p>\n<p>Ese primer reconocimiento oficial israel\u00ed de la coordinaci\u00f3n con los grupos extremistas en Siria se produce despu\u00e9s de una gran n\u00famero de informes de prensa que confirm\u00f3 el apoyo militar y de inteligencia de la entidad de ocupaci\u00f3n israel\u00ed a las organizaciones terroristas, en especial el &#8220;Frente Al Nousra&#8221;, inscrito en la lista del terrorismo internacional, en particular en las provincias de Deraa y Quneitra.<\/p>\n<p>&nbsp;<\/p>\n<p>&nbsp;<\/p>\n<p>Fady M., Lynn A.<\/p>\n","protected":false},"excerpt":{"rendered":"<p>Jerusal\u00e9n, SANA En el primer reconocimiento oficial sobre la relaci\u00f3n entre la entidad israel\u00ed y los grupos terroristas en Siria, el ex ministro de Guerra Moshe Yaalon, reconoci\u00f3 que existe una coordinaci\u00f3n entre Israel y los grupos terroristas en Siria, especialmente en las zonas cercanas al Gol\u00e1n sirio ocupado. &#8220;Nos ocuparemos de sus necesidades; no &hellip;<\/p>\n","protected":false},"author":24,"featured_media":61279,"comment_status":"closed","ping_status":"closed","sticky":false,"template":"","format":"standard","meta":{"footnotes":""},"categories":[555,7541],"tags":[],"class_list":["post-61278","post","type-post","status-publish","format-standard","has-post-thumbnail","","category-prensa","category-ultimas-noticias"],"_links":{"self":[{"href":"https:\/\/archive.sana.sy\/es\/index.php?rest_route=\/wp\/v2\/posts\/61278"}],"collection":[{"href":"https:\/\/archive.sana.sy\/es\/index.php?rest_route=\/wp\/v2\/posts"}],"about":[{"href":"https:\/\/archive.sana.sy\/es\/index.php?rest_route=\/wp\/v2\/types\/post"}],"author":[{"embeddable":true,"href":"https:\/\/archive.sana.sy\/es\/index.php?rest_route=\/wp\/v2\/users\/24"}],"replies":[{"embeddable":true,"href":"https:\/\/archive.sana.sy\/es\/index.php?rest_route=%2Fwp%2Fv2%2Fcomments&post=61278"}],"version-history":[{"count":0,"href":"https:\/\/archive.sana.sy\/es\/index.php?rest_route=\/wp\/v2\/posts\/61278\/revisions"}],"wp:featuredmedia":[{"embeddable":true,"href":"https:\/\/archive.sana.sy\/es\/index.php?rest_route=\/wp\/v2\/media\/61279"}],"wp:attachment":[{"href":"https:\/\/archive.sana.sy\/es\/index.php?rest_route=%2Fwp%2Fv2%2Fmedia&parent=61278"}],"wp:term":[{"taxonomy":"category","embeddable":true,"href":"https:\/\/archive.sana.sy\/es\/index.php?rest_route=%2Fwp%2Fv2%2Fcategories&post=61278"},{"taxonomy":"post_tag","embeddable":true,"href":"https:\/\/archive.sana.sy\/es\/index.php?rest_route=%2Fwp%2Fv2%2Ftags&post=61278"}],"curies":[{"name":"wp","href":"https:\/\/api.w.org\/{rel}","templated":true}]}}