{"id":61286,"date":"2017-02-21T22:05:59","date_gmt":"2017-02-21T20:05:59","guid":{"rendered":"http:\/\/www.sana.sy\/es\/?p=61286"},"modified":"2023-01-10T15:16:57","modified_gmt":"2023-01-10T13:16:57","slug":"evaluan-danos-en-planta-de-gas-destruida-por-terroristas-del-daesh-al-oeste-de-palmira","status":"publish","type":"post","link":"https:\/\/archive.sana.sy\/es\/?p=61286","title":{"rendered":"Eval\u00faan da\u00f1os en planta de gas destruida por terroristas del Daesh al oeste de Palmira"},"content":{"rendered":"<p><span style=\"color: #800000\">Homs, SANA<\/span><\/p>\n<p>El director general de la planta de gas &#8220;Hayyan&#8221;, Assad Suleiman, dijo que la planta que fue dinamitada por los terroristas del Daesh sufri\u00f3 significativos da\u00f1os materiales en todas sus secciones.<\/p>\n<p>En declaraciones a la prensa, Suleiman dijo que un equipo de t\u00e9cnicos logr\u00f3 acceder a la instalaci\u00f3n tras ser desminada por el Ej\u00e9rcito, y evalu\u00f3 la gran magnitud de los da\u00f1os.<\/p>\n<p>&#8220;Los t\u00e9cnicos confirmaron que los terroristas sembraron bombas en todas las unidades de producci\u00f3n de la planta, as\u00ed como destruyeron los tanques de gas y crudo&#8221;, dijo Suleiman.<\/p>\n<p>Por otro lado, denunci\u00f3 que una gran cantidad de equipos, herramientas, bombas y v\u00e1lvulas han sido desmantelados y robados por los terroristas para su uso en otros lugares.<\/p>\n<p>El director de la planta explic\u00f3 que los ingenieros y los t\u00e9cnicos en colaboraci\u00f3n con el Ministerio de Petr\u00f3leo, har\u00e1n m\u00e1s visitas de inspecci\u00f3n para evaluar la magnitud de los da\u00f1os y hacer planes para la reconstrucci\u00f3n de la planta y la producci\u00f3n de gas, adem\u00e1s de controlar los pozos ardientes y sellarlo para luego someterlos a proceso de mantenimiento y reparaci\u00f3n cuando permitan las circunstancias de seguridad&#8221;.<\/p>\n<p>La planta Hayyan produc\u00eda tres millones de metros c\u00fabicos de gas por d\u00eda y 150 toneladas de gas de uso dom\u00e9stico, y alrededor de 5.000 barriles de gas condensado.<\/p>\n<p>El Ej\u00e9rcito siria, en cooperaci\u00f3n con las fuerzas aliadas, liber\u00f3 el d\u00eda 14 de este mes la planta de gas Hayan en el campo oeste de Palmira.<\/p>\n<p>Fady M., Lynn A.<\/p>\n","protected":false},"excerpt":{"rendered":"<p>Homs, SANA El director general de la planta de gas &#8220;Hayyan&#8221;, Assad Suleiman, dijo que la planta que fue dinamitada por los terroristas del Daesh sufri\u00f3 significativos da\u00f1os materiales en todas sus secciones. En declaraciones a la prensa, Suleiman dijo que un equipo de t\u00e9cnicos logr\u00f3 acceder a la instalaci\u00f3n tras ser desminada por el &hellip;<\/p>\n","protected":false},"author":24,"featured_media":61287,"comment_status":"closed","ping_status":"closed","sticky":false,"template":"","format":"standard","meta":{"footnotes":""},"categories":[485,7541],"tags":[],"class_list":["post-61286","post","type-post","status-publish","format-standard","has-post-thumbnail","","category-informes-negocios-y-finanzas","category-ultimas-noticias"],"_links":{"self":[{"href":"https:\/\/archive.sana.sy\/es\/index.php?rest_route=\/wp\/v2\/posts\/61286"}],"collection":[{"href":"https:\/\/archive.sana.sy\/es\/index.php?rest_route=\/wp\/v2\/posts"}],"about":[{"href":"https:\/\/archive.sana.sy\/es\/index.php?rest_route=\/wp\/v2\/types\/post"}],"author":[{"embeddable":true,"href":"https:\/\/archive.sana.sy\/es\/index.php?rest_route=\/wp\/v2\/users\/24"}],"replies":[{"embeddable":true,"href":"https:\/\/archive.sana.sy\/es\/index.php?rest_route=%2Fwp%2Fv2%2Fcomments&post=61286"}],"version-history":[{"count":0,"href":"https:\/\/archive.sana.sy\/es\/index.php?rest_route=\/wp\/v2\/posts\/61286\/revisions"}],"wp:featuredmedia":[{"embeddable":true,"href":"https:\/\/archive.sana.sy\/es\/index.php?rest_route=\/wp\/v2\/media\/61287"}],"wp:attachment":[{"href":"https:\/\/archive.sana.sy\/es\/index.php?rest_route=%2Fwp%2Fv2%2Fmedia&parent=61286"}],"wp:term":[{"taxonomy":"category","embeddable":true,"href":"https:\/\/archive.sana.sy\/es\/index.php?rest_route=%2Fwp%2Fv2%2Fcategories&post=61286"},{"taxonomy":"post_tag","embeddable":true,"href":"https:\/\/archive.sana.sy\/es\/index.php?rest_route=%2Fwp%2Fv2%2Ftags&post=61286"}],"curies":[{"name":"wp","href":"https:\/\/api.w.org\/{rel}","templated":true}]}}