{"id":6135,"date":"2014-08-02T20:54:04","date_gmt":"2014-08-02T17:54:04","guid":{"rendered":"http:\/\/www.sana.sy\/es\/?p=6135"},"modified":"2014-08-02T22:44:13","modified_gmt":"2014-08-02T19:44:13","slug":"organizaciones-publicas-austriacas-condenan-la-agresion-israeli-contra-la-franja-de-gaza","status":"publish","type":"post","link":"https:\/\/archive.sana.sy\/es\/?p=6135","title":{"rendered":"Organizaciones p\u00fablicas austriacas condenan la agresi\u00f3n israel\u00ed contra la Franja de Gaza"},"content":{"rendered":"<p style=\"text-align: justify\"><span style=\"color: #800000\">Viena, SANA<\/span><\/p>\n<p style=\"text-align: justify\">La asociaci\u00f3n de las relaciones \u00e1rabe-austriacas y una serie de organizaciones de mujeres y humanitarias en Viena condenaron la agresi\u00f3n israel\u00ed contra la Franja de Gaza y exigieron a la comunidad internacional a ponerle fin inmediato y proteger al pueblo palestino.<\/p>\n<p style=\"text-align: justify\">En un comunicado, expresaron su preocupaci\u00f3n por los continuos ataques israel\u00edes contra los palestinos, responsabilizando de los ataques israel\u00edes en curso sobre Palestina al silencio de la comunidad internacional que lleva d\u00e9cadas as\u00ed, tal silencio que causa muerte de ni\u00f1os palestinos.<\/p>\n<p style=\"text-align: justify\">Estas organizaciones piden que se levante el bloqueo impuesto a Gaza y que los pasos fronterizos queden abiertos para el flujo de la ayuda humanitaria, los alimentos y el agua potable, adem\u00e1s de rehabilitar los hospitales que quedaron afectados por la embestida sionista.<\/p>\n<p style=\"text-align: justify\">En el comunicado, tambi\u00e9n, la organizaci\u00f3n conden\u00f3 el silencio de los pa\u00edses europeos y fuertemente, criticando el papel de algunas organizaciones internacionales ante las b\u00e1rbaras acciones de las fuerzas de ocupaci\u00f3n israel\u00ed.<\/p>\n<p style=\"text-align: justify\"><span style=\"color: #0000ff\">Ghifar Al., Riyad Sh.<\/span><\/p>\n","protected":false},"excerpt":{"rendered":"<p>Viena, SANA La asociaci\u00f3n de las relaciones \u00e1rabe-austriacas y una serie de organizaciones de mujeres y humanitarias en Viena condenaron la agresi\u00f3n israel\u00ed contra la Franja de Gaza y exigieron a la comunidad internacional a ponerle fin inmediato y proteger al pueblo palestino. En un comunicado, expresaron su preocupaci\u00f3n por los continuos ataques israel\u00edes contra &hellip;<\/p>\n","protected":false},"author":1,"featured_media":6136,"comment_status":"closed","ping_status":"closed","sticky":false,"template":"","format":"standard","meta":{"footnotes":""},"categories":[597,456,457,576],"tags":[1387],"class_list":["post-6135","post","type-post","status-publish","format-standard","has-post-thumbnail","","category-cinta-de-noticias","category-arabe-internacional-politica","category-noticias-arabe-internacional-politica","category-noticias-politicas","tag-organizaciones-publicas-austriacas-condenan-la-agresion-israeli-contra-la-franja-de-gaza"],"_links":{"self":[{"href":"https:\/\/archive.sana.sy\/es\/index.php?rest_route=\/wp\/v2\/posts\/6135"}],"collection":[{"href":"https:\/\/archive.sana.sy\/es\/index.php?rest_route=\/wp\/v2\/posts"}],"about":[{"href":"https:\/\/archive.sana.sy\/es\/index.php?rest_route=\/wp\/v2\/types\/post"}],"author":[{"embeddable":true,"href":"https:\/\/archive.sana.sy\/es\/index.php?rest_route=\/wp\/v2\/users\/1"}],"replies":[{"embeddable":true,"href":"https:\/\/archive.sana.sy\/es\/index.php?rest_route=%2Fwp%2Fv2%2Fcomments&post=6135"}],"version-history":[{"count":0,"href":"https:\/\/archive.sana.sy\/es\/index.php?rest_route=\/wp\/v2\/posts\/6135\/revisions"}],"wp:featuredmedia":[{"embeddable":true,"href":"https:\/\/archive.sana.sy\/es\/index.php?rest_route=\/wp\/v2\/media\/6136"}],"wp:attachment":[{"href":"https:\/\/archive.sana.sy\/es\/index.php?rest_route=%2Fwp%2Fv2%2Fmedia&parent=6135"}],"wp:term":[{"taxonomy":"category","embeddable":true,"href":"https:\/\/archive.sana.sy\/es\/index.php?rest_route=%2Fwp%2Fv2%2Fcategories&post=6135"},{"taxonomy":"post_tag","embeddable":true,"href":"https:\/\/archive.sana.sy\/es\/index.php?rest_route=%2Fwp%2Fv2%2Ftags&post=6135"}],"curies":[{"name":"wp","href":"https:\/\/api.w.org\/{rel}","templated":true}]}}