{"id":61538,"date":"2017-02-27T18:12:51","date_gmt":"2017-02-27T16:12:51","guid":{"rendered":"http:\/\/www.sana.sy\/es\/?p=61538"},"modified":"2017-02-27T18:12:51","modified_gmt":"2017-02-27T16:12:51","slug":"ffaa-lanzan-ofensivas-nocturnas-contra-posiciones-del-eiil-en-dier-ezzor","status":"publish","type":"post","link":"https:\/\/archive.sana.sy\/es\/?p=61538","title":{"rendered":"FFAA lanzan ofensivas nocturnas contra posiciones del EIIL en Dier Ezzor"},"content":{"rendered":"<p>Dier Ezzor-SANA<\/p>\n<p>Aviones de combate sirios realizaron vuelos nocturnos contra centros de concentraci\u00f3n y rutas de movimiento de la organizaci\u00f3n terrorista internacional EIIL en la provincia de Deir Ezzor.<\/p>\n<p>Los ataques a\u00e9reos apuntaron contra focos y posiciones de DAESH en el barrio de Hamidieh, en las inmediaciones de la monta\u00f1a de Thardeh y la zona de Muhandisin.<\/p>\n<p>Las incursiones a\u00e9reas resultaron con la muerte de un n\u00famero indeterminado de integrantes de esta organizaci\u00f3n terrorista y la destrucci\u00f3n de veh\u00edculos suyos.<\/p>\n<p>Yamil K.<\/p>\n","protected":false},"excerpt":{"rendered":"<p>Dier Ezzor-SANA Aviones de combate sirios realizaron vuelos nocturnos contra centros de concentraci\u00f3n y rutas de movimiento de la organizaci\u00f3n terrorista internacional EIIL en la provincia de Deir Ezzor. Los ataques a\u00e9reos apuntaron contra focos y posiciones de DAESH en el barrio de Hamidieh, en las inmediaciones de la monta\u00f1a de Thardeh y la zona &hellip;<\/p>\n","protected":false},"author":1,"featured_media":61539,"comment_status":"closed","ping_status":"closed","sticky":false,"template":"","format":"standard","meta":{"footnotes":""},"categories":[573,583],"tags":[],"class_list":["post-61538","post","type-post","status-publish","format-standard","has-post-thumbnail","","category-la-realidad-de-los-acontecimientos-en-siria","category-slide"],"_links":{"self":[{"href":"https:\/\/archive.sana.sy\/es\/index.php?rest_route=\/wp\/v2\/posts\/61538"}],"collection":[{"href":"https:\/\/archive.sana.sy\/es\/index.php?rest_route=\/wp\/v2\/posts"}],"about":[{"href":"https:\/\/archive.sana.sy\/es\/index.php?rest_route=\/wp\/v2\/types\/post"}],"author":[{"embeddable":true,"href":"https:\/\/archive.sana.sy\/es\/index.php?rest_route=\/wp\/v2\/users\/1"}],"replies":[{"embeddable":true,"href":"https:\/\/archive.sana.sy\/es\/index.php?rest_route=%2Fwp%2Fv2%2Fcomments&post=61538"}],"version-history":[{"count":0,"href":"https:\/\/archive.sana.sy\/es\/index.php?rest_route=\/wp\/v2\/posts\/61538\/revisions"}],"wp:featuredmedia":[{"embeddable":true,"href":"https:\/\/archive.sana.sy\/es\/index.php?rest_route=\/wp\/v2\/media\/61539"}],"wp:attachment":[{"href":"https:\/\/archive.sana.sy\/es\/index.php?rest_route=%2Fwp%2Fv2%2Fmedia&parent=61538"}],"wp:term":[{"taxonomy":"category","embeddable":true,"href":"https:\/\/archive.sana.sy\/es\/index.php?rest_route=%2Fwp%2Fv2%2Fcategories&post=61538"},{"taxonomy":"post_tag","embeddable":true,"href":"https:\/\/archive.sana.sy\/es\/index.php?rest_route=%2Fwp%2Fv2%2Ftags&post=61538"}],"curies":[{"name":"wp","href":"https:\/\/api.w.org\/{rel}","templated":true}]}}