{"id":6154,"date":"2014-08-02T22:48:16","date_gmt":"2014-08-02T19:48:16","guid":{"rendered":"http:\/\/www.sana.sy\/es\/?p=6154"},"modified":"2014-08-02T22:52:07","modified_gmt":"2014-08-02T19:52:07","slug":"cuarto-festival-de-discapacitados-se-inicia-en-sweida","status":"publish","type":"post","link":"https:\/\/archive.sana.sy\/es\/?p=6154","title":{"rendered":"Cuarto Festival de discapacitados se inicia en Sweida"},"content":{"rendered":"<p style=\"text-align: justify\"><span style=\"color: #800000\">Sweida, SANA<\/span><\/p>\n<p style=\"text-align: justify\">El cuarto Festival de las Personas con Necesidades Especiales se inici\u00f3 el domingo en la provincia de Sweida.<\/p>\n<p style=\"text-align: justify\">El evento, realizado por la Asociaci\u00f3n Siria de las Personas con Necesidades Especiales, en colaboraci\u00f3n con el Ayuntamiento de Sweida, se concluir\u00e1 el d\u00eda 12 de agosto.<\/p>\n<p style=\"text-align: justify\">Durante la ceremonia de apertura, el Presidente del Consejo de Administraci\u00f3n de la rama siria de la Asociaci\u00f3n de discapacitados en Sweida, Nizar Choujaa, dijo que el festival tuvo como objetivo apoyar a las personas con discapacidad y para conocer su creatividad a fin de integrarlos en la sociedad.<\/p>\n<p style=\"text-align: justify\">El mismo a\u00f1adi\u00f3 que el festival incluye bazares para vender la mercanc\u00eda que producen las personas discapacitadas o sus familias, adem\u00e1s de los bazares que venden alimentos y otros productos b\u00e1sicos a las personas con necesidades especiales a precios de incentivo.<\/p>\n<p style=\"text-align: justify\">Las actividades del primer d\u00eda tambi\u00e9n incluyeron recitales de poes\u00eda y presentaciones de arte, adem\u00e1s de la distribuci\u00f3n de equipos de ayuda a la movilidad.<\/p>\n<p style=\"text-align: justify\">El festival tambi\u00e9n rendir\u00e1 homenaje a una serie de artistas discapacitados.<\/p>\n<p style=\"text-align: justify\">\n<p style=\"text-align: justify\"><span style=\"color: #0000ff\">Ghifar Al., Riyad Sh.<\/span><\/p>\n","protected":false},"excerpt":{"rendered":"<p>Sweida, SANA El cuarto Festival de las Personas con Necesidades Especiales se inici\u00f3 el domingo en la provincia de Sweida. El evento, realizado por la Asociaci\u00f3n Siria de las Personas con Necesidades Especiales, en colaboraci\u00f3n con el Ayuntamiento de Sweida, se concluir\u00e1 el d\u00eda 12 de agosto. Durante la ceremonia de apertura, el Presidente del &hellip;<\/p>\n","protected":false},"author":1,"featured_media":6155,"comment_status":"closed","ping_status":"closed","sticky":false,"template":"","format":"standard","meta":{"footnotes":""},"categories":[597,510],"tags":[1391],"class_list":["post-6154","post","type-post","status-publish","format-standard","has-post-thumbnail","","category-cinta-de-noticias","category-arte-y-cultura","tag-cuarto-festival-de-discapacitados-se-inicia-en-sweida"],"_links":{"self":[{"href":"https:\/\/archive.sana.sy\/es\/index.php?rest_route=\/wp\/v2\/posts\/6154"}],"collection":[{"href":"https:\/\/archive.sana.sy\/es\/index.php?rest_route=\/wp\/v2\/posts"}],"about":[{"href":"https:\/\/archive.sana.sy\/es\/index.php?rest_route=\/wp\/v2\/types\/post"}],"author":[{"embeddable":true,"href":"https:\/\/archive.sana.sy\/es\/index.php?rest_route=\/wp\/v2\/users\/1"}],"replies":[{"embeddable":true,"href":"https:\/\/archive.sana.sy\/es\/index.php?rest_route=%2Fwp%2Fv2%2Fcomments&post=6154"}],"version-history":[{"count":0,"href":"https:\/\/archive.sana.sy\/es\/index.php?rest_route=\/wp\/v2\/posts\/6154\/revisions"}],"wp:featuredmedia":[{"embeddable":true,"href":"https:\/\/archive.sana.sy\/es\/index.php?rest_route=\/wp\/v2\/media\/6155"}],"wp:attachment":[{"href":"https:\/\/archive.sana.sy\/es\/index.php?rest_route=%2Fwp%2Fv2%2Fmedia&parent=6154"}],"wp:term":[{"taxonomy":"category","embeddable":true,"href":"https:\/\/archive.sana.sy\/es\/index.php?rest_route=%2Fwp%2Fv2%2Fcategories&post=6154"},{"taxonomy":"post_tag","embeddable":true,"href":"https:\/\/archive.sana.sy\/es\/index.php?rest_route=%2Fwp%2Fv2%2Ftags&post=6154"}],"curies":[{"name":"wp","href":"https:\/\/api.w.org\/{rel}","templated":true}]}}