{"id":62058,"date":"2017-03-11T16:20:55","date_gmt":"2017-03-11T14:20:55","guid":{"rendered":"http:\/\/www.sana.sy\/es\/?p=62058"},"modified":"2017-03-11T17:12:08","modified_gmt":"2017-03-11T15:12:08","slug":"al-menos-33-martires-y-decenas-de-heridos-por-dos-atentados-terroristas-con-dos-artefactos-explosivos-en-la-zona-de-bab-musalla-en-damasco","status":"publish","type":"post","link":"https:\/\/archive.sana.sy\/es\/?p=62058","title":{"rendered":"Ministro del Interior: 40 m\u00e1rtires y alrededor de 120 heridos en el doble atentado terrorista en la zona de Bab al-Saghir en Damasco"},"content":{"rendered":"<p><span style=\"color: #800000\">Damasco, SANA<\/span><\/p>\n<p>El ministro del Interior, general Mohamad al-Shaar, hizo una inspecci\u00f3n del sitio donde se produjo hoy el s\u00e1bado el doble atentado terrorista en la zona de Bab al-Saghir en la capital Damasco.<\/p>\n<p>En declaraciones concedidas a la prensa, el Ministro del Interior se\u00f1al\u00f3 que el doble ataque terrorista se llev\u00f3 a cabo contra visitantes de diferentes nacionalidades \u00e1rabes mientras estaban en la zona de Bab al-Saghir, el cual se cobr\u00f3 la vida de 40 personas y dej\u00f3 alrededor de 120 heridos, entre estos visitantes y los pasajeros.<\/p>\n<p>Revel\u00f3 la creaci\u00f3n de un comit\u00e9 de investigaci\u00f3n para recopilar datos sobre la \u00edndole del doble atentado terrorista a fin de llegar a sus autores asesinos. Enfatiz\u00f3 que medidas m\u00e1s meticulosas se adoptar\u00e1n para impedir tales accionesterroristas.<\/p>\n<p>El Ministro visit\u00f3 luego los hospitales de Damasco y al-Muasat para preguntar por la salud de los heridos e inspeccionar los servicios m\u00e9dicos prestados a los mismos.<\/p>\n<p>Es de se\u00f1alar que el general al-Shaar ha sido acompa\u00f1ado por el ministro de Turismo, Bisher Yazayi, el embajador de Irak ante Siria, y el jefe de Polic\u00eda de Damasco, junto con el fiscal general.<\/p>\n<p>Anteriormente, una fuente del Comando de Polic\u00eda de Damasco inform\u00f3 que terroristas detonaron dos artefactos explosivos cerca del Cementerio de Bab al-Saghir, situado\u00a0Bab Musalla y Bab al Yabia, lo que caus\u00f3 33 m\u00e1rtires y m\u00e1s de 100 heridos, adem\u00e1s de da\u00f1os materiales en el cementerio y en el lugar.<\/p>\n<p>&nbsp;<\/p>\n<div id='gallery-1' class='gallery galleryid-62058 gallery-columns-3 gallery-size-thumbnail'><figure class='gallery-item'>\n\t\t\t<div class='gallery-icon landscape'>\n\t\t\t\t<a href='https:\/\/archive.sana.sy\/es\/wp-content\/uploads\/2017\/03\/Doble-atentado-terrorista-Shaghur-11.jpg'><img loading=\"lazy\" decoding=\"async\" width=\"150\" height=\"100\" src=\"https:\/\/archive.sana.sy\/es\/wp-content\/uploads\/2017\/03\/Doble-atentado-terrorista-Shaghur-11-150x100.jpg\" class=\"attachment-thumbnail size-thumbnail\" alt=\"\" srcset=\"https:\/\/archive.sana.sy\/es\/wp-content\/uploads\/2017\/03\/Doble-atentado-terrorista-Shaghur-11-150x100.jpg 150w, https:\/\/archive.sana.sy\/es\/wp-content\/uploads\/2017\/03\/Doble-atentado-terrorista-Shaghur-11-300x200.jpg 300w, https:\/\/archive.sana.sy\/es\/wp-content\/uploads\/2017\/03\/Doble-atentado-terrorista-Shaghur-11-768x511.jpg 768w, https:\/\/archive.sana.sy\/es\/wp-content\/uploads\/2017\/03\/Doble-atentado-terrorista-Shaghur-11-1024x681.jpg 1024w, https:\/\/archive.sana.sy\/es\/wp-content\/uploads\/2017\/03\/Doble-atentado-terrorista-Shaghur-11-310x205.jpg 310w\" sizes=\"(max-width: 150px) 100vw, 150px\" \/><\/a>\n\t\t\t<\/div><\/figure><figure class='gallery-item'>\n\t\t\t<div class='gallery-icon landscape'>\n\t\t\t\t<a href='https:\/\/archive.sana.sy\/es\/wp-content\/uploads\/2017\/03\/Doble-atentado-terrorista-Shaghur-1.jpg'><img loading=\"lazy\" decoding=\"async\" width=\"150\" height=\"100\" src=\"https:\/\/archive.sana.sy\/es\/wp-content\/uploads\/2017\/03\/Doble-atentado-terrorista-Shaghur-1-150x100.jpg\" class=\"attachment-thumbnail size-thumbnail\" alt=\"\" srcset=\"https:\/\/archive.sana.sy\/es\/wp-content\/uploads\/2017\/03\/Doble-atentado-terrorista-Shaghur-1-150x100.jpg 150w, https:\/\/archive.sana.sy\/es\/wp-content\/uploads\/2017\/03\/Doble-atentado-terrorista-Shaghur-1-300x200.jpg 300w, https:\/\/archive.sana.sy\/es\/wp-content\/uploads\/2017\/03\/Doble-atentado-terrorista-Shaghur-1-768x511.jpg 768w, https:\/\/archive.sana.sy\/es\/wp-content\/uploads\/2017\/03\/Doble-atentado-terrorista-Shaghur-1-1024x681.jpg 1024w, https:\/\/archive.sana.sy\/es\/wp-content\/uploads\/2017\/03\/Doble-atentado-terrorista-Shaghur-1-310x205.jpg 310w\" sizes=\"(max-width: 150px) 100vw, 150px\" \/><\/a>\n\t\t\t<\/div><\/figure><figure class='gallery-item'>\n\t\t\t<div class='gallery-icon landscape'>\n\t\t\t\t<a href='https:\/\/archive.sana.sy\/es\/wp-content\/uploads\/2017\/03\/Doble-atentado-terrorista-Shaghur-2.jpg'><img loading=\"lazy\" decoding=\"async\" width=\"150\" height=\"88\" src=\"https:\/\/archive.sana.sy\/es\/wp-content\/uploads\/2017\/03\/Doble-atentado-terrorista-Shaghur-2-150x88.jpg\" class=\"attachment-thumbnail size-thumbnail\" alt=\"\" srcset=\"https:\/\/archive.sana.sy\/es\/wp-content\/uploads\/2017\/03\/Doble-atentado-terrorista-Shaghur-2-150x88.jpg 150w, https:\/\/archive.sana.sy\/es\/wp-content\/uploads\/2017\/03\/Doble-atentado-terrorista-Shaghur-2-300x176.jpg 300w, https:\/\/archive.sana.sy\/es\/wp-content\/uploads\/2017\/03\/Doble-atentado-terrorista-Shaghur-2-768x450.jpg 768w, https:\/\/archive.sana.sy\/es\/wp-content\/uploads\/2017\/03\/Doble-atentado-terrorista-Shaghur-2-1024x600.jpg 1024w\" sizes=\"(max-width: 150px) 100vw, 150px\" \/><\/a>\n\t\t\t<\/div><\/figure><figure class='gallery-item'>\n\t\t\t<div class='gallery-icon landscape'>\n\t\t\t\t<a href='https:\/\/archive.sana.sy\/es\/wp-content\/uploads\/2017\/03\/Doble-atentado-terrorista-Shaghur-3.jpg'><img loading=\"lazy\" decoding=\"async\" width=\"150\" height=\"100\" src=\"https:\/\/archive.sana.sy\/es\/wp-content\/uploads\/2017\/03\/Doble-atentado-terrorista-Shaghur-3-150x100.jpg\" class=\"attachment-thumbnail size-thumbnail\" alt=\"\" srcset=\"https:\/\/archive.sana.sy\/es\/wp-content\/uploads\/2017\/03\/Doble-atentado-terrorista-Shaghur-3-150x100.jpg 150w, https:\/\/archive.sana.sy\/es\/wp-content\/uploads\/2017\/03\/Doble-atentado-terrorista-Shaghur-3-300x201.jpg 300w, https:\/\/archive.sana.sy\/es\/wp-content\/uploads\/2017\/03\/Doble-atentado-terrorista-Shaghur-3-768x513.jpg 768w, https:\/\/archive.sana.sy\/es\/wp-content\/uploads\/2017\/03\/Doble-atentado-terrorista-Shaghur-3-1024x684.jpg 1024w, https:\/\/archive.sana.sy\/es\/wp-content\/uploads\/2017\/03\/Doble-atentado-terrorista-Shaghur-3-310x205.jpg 310w\" sizes=\"(max-width: 150px) 100vw, 150px\" \/><\/a>\n\t\t\t<\/div><\/figure><figure class='gallery-item'>\n\t\t\t<div class='gallery-icon landscape'>\n\t\t\t\t<a href='https:\/\/archive.sana.sy\/es\/wp-content\/uploads\/2017\/03\/Doble-atentado-terrorista-Shaghur-4.jpg'><img loading=\"lazy\" decoding=\"async\" width=\"150\" height=\"100\" src=\"https:\/\/archive.sana.sy\/es\/wp-content\/uploads\/2017\/03\/Doble-atentado-terrorista-Shaghur-4-150x100.jpg\" class=\"attachment-thumbnail size-thumbnail\" alt=\"\" srcset=\"https:\/\/archive.sana.sy\/es\/wp-content\/uploads\/2017\/03\/Doble-atentado-terrorista-Shaghur-4-150x100.jpg 150w, https:\/\/archive.sana.sy\/es\/wp-content\/uploads\/2017\/03\/Doble-atentado-terrorista-Shaghur-4-300x200.jpg 300w, https:\/\/archive.sana.sy\/es\/wp-content\/uploads\/2017\/03\/Doble-atentado-terrorista-Shaghur-4-768x511.jpg 768w, https:\/\/archive.sana.sy\/es\/wp-content\/uploads\/2017\/03\/Doble-atentado-terrorista-Shaghur-4-1024x681.jpg 1024w, https:\/\/archive.sana.sy\/es\/wp-content\/uploads\/2017\/03\/Doble-atentado-terrorista-Shaghur-4-310x205.jpg 310w\" sizes=\"(max-width: 150px) 100vw, 150px\" \/><\/a>\n\t\t\t<\/div><\/figure><figure class='gallery-item'>\n\t\t\t<div class='gallery-icon landscape'>\n\t\t\t\t<a href='https:\/\/archive.sana.sy\/es\/wp-content\/uploads\/2017\/03\/Doble-atentado-terrorista-Shaghur-5.jpg'><img loading=\"lazy\" decoding=\"async\" width=\"150\" height=\"100\" src=\"https:\/\/archive.sana.sy\/es\/wp-content\/uploads\/2017\/03\/Doble-atentado-terrorista-Shaghur-5-150x100.jpg\" class=\"attachment-thumbnail size-thumbnail\" alt=\"\" srcset=\"https:\/\/archive.sana.sy\/es\/wp-content\/uploads\/2017\/03\/Doble-atentado-terrorista-Shaghur-5-150x100.jpg 150w, https:\/\/archive.sana.sy\/es\/wp-content\/uploads\/2017\/03\/Doble-atentado-terrorista-Shaghur-5-300x200.jpg 300w, https:\/\/archive.sana.sy\/es\/wp-content\/uploads\/2017\/03\/Doble-atentado-terrorista-Shaghur-5-768x511.jpg 768w, https:\/\/archive.sana.sy\/es\/wp-content\/uploads\/2017\/03\/Doble-atentado-terrorista-Shaghur-5-1024x681.jpg 1024w, https:\/\/archive.sana.sy\/es\/wp-content\/uploads\/2017\/03\/Doble-atentado-terrorista-Shaghur-5-310x205.jpg 310w\" sizes=\"(max-width: 150px) 100vw, 150px\" \/><\/a>\n\t\t\t<\/div><\/figure><figure class='gallery-item'>\n\t\t\t<div class='gallery-icon landscape'>\n\t\t\t\t<a href='https:\/\/archive.sana.sy\/es\/wp-content\/uploads\/2017\/03\/Doble-atentado-terrorista-Shaghur-6.jpg'><img loading=\"lazy\" decoding=\"async\" width=\"150\" height=\"100\" src=\"https:\/\/archive.sana.sy\/es\/wp-content\/uploads\/2017\/03\/Doble-atentado-terrorista-Shaghur-6-150x100.jpg\" class=\"attachment-thumbnail size-thumbnail\" alt=\"\" srcset=\"https:\/\/archive.sana.sy\/es\/wp-content\/uploads\/2017\/03\/Doble-atentado-terrorista-Shaghur-6-150x100.jpg 150w, https:\/\/archive.sana.sy\/es\/wp-content\/uploads\/2017\/03\/Doble-atentado-terrorista-Shaghur-6-300x200.jpg 300w, https:\/\/archive.sana.sy\/es\/wp-content\/uploads\/2017\/03\/Doble-atentado-terrorista-Shaghur-6-768x511.jpg 768w, https:\/\/archive.sana.sy\/es\/wp-content\/uploads\/2017\/03\/Doble-atentado-terrorista-Shaghur-6-1024x681.jpg 1024w, https:\/\/archive.sana.sy\/es\/wp-content\/uploads\/2017\/03\/Doble-atentado-terrorista-Shaghur-6-310x205.jpg 310w\" sizes=\"(max-width: 150px) 100vw, 150px\" \/><\/a>\n\t\t\t<\/div><\/figure><figure class='gallery-item'>\n\t\t\t<div class='gallery-icon landscape'>\n\t\t\t\t<a href='https:\/\/archive.sana.sy\/es\/wp-content\/uploads\/2017\/03\/Doble-atentado-terrorista-Shaghur-7.jpg'><img loading=\"lazy\" decoding=\"async\" width=\"150\" height=\"100\" src=\"https:\/\/archive.sana.sy\/es\/wp-content\/uploads\/2017\/03\/Doble-atentado-terrorista-Shaghur-7-150x100.jpg\" class=\"attachment-thumbnail size-thumbnail\" alt=\"\" srcset=\"https:\/\/archive.sana.sy\/es\/wp-content\/uploads\/2017\/03\/Doble-atentado-terrorista-Shaghur-7-150x100.jpg 150w, https:\/\/archive.sana.sy\/es\/wp-content\/uploads\/2017\/03\/Doble-atentado-terrorista-Shaghur-7-300x200.jpg 300w, https:\/\/archive.sana.sy\/es\/wp-content\/uploads\/2017\/03\/Doble-atentado-terrorista-Shaghur-7-768x511.jpg 768w, https:\/\/archive.sana.sy\/es\/wp-content\/uploads\/2017\/03\/Doble-atentado-terrorista-Shaghur-7-1024x682.jpg 1024w, https:\/\/archive.sana.sy\/es\/wp-content\/uploads\/2017\/03\/Doble-atentado-terrorista-Shaghur-7-310x205.jpg 310w\" sizes=\"(max-width: 150px) 100vw, 150px\" \/><\/a>\n\t\t\t<\/div><\/figure><figure class='gallery-item'>\n\t\t\t<div class='gallery-icon landscape'>\n\t\t\t\t<a href='https:\/\/archive.sana.sy\/es\/wp-content\/uploads\/2017\/03\/Doble-atentado-terrorista-Shaghur-8.jpg'><img loading=\"lazy\" decoding=\"async\" width=\"150\" height=\"100\" src=\"https:\/\/archive.sana.sy\/es\/wp-content\/uploads\/2017\/03\/Doble-atentado-terrorista-Shaghur-8-150x100.jpg\" class=\"attachment-thumbnail size-thumbnail\" alt=\"\" srcset=\"https:\/\/archive.sana.sy\/es\/wp-content\/uploads\/2017\/03\/Doble-atentado-terrorista-Shaghur-8-150x100.jpg 150w, https:\/\/archive.sana.sy\/es\/wp-content\/uploads\/2017\/03\/Doble-atentado-terrorista-Shaghur-8-300x200.jpg 300w, https:\/\/archive.sana.sy\/es\/wp-content\/uploads\/2017\/03\/Doble-atentado-terrorista-Shaghur-8-768x511.jpg 768w, https:\/\/archive.sana.sy\/es\/wp-content\/uploads\/2017\/03\/Doble-atentado-terrorista-Shaghur-8-1024x681.jpg 1024w, https:\/\/archive.sana.sy\/es\/wp-content\/uploads\/2017\/03\/Doble-atentado-terrorista-Shaghur-8-310x205.jpg 310w\" sizes=\"(max-width: 150px) 100vw, 150px\" \/><\/a>\n\t\t\t<\/div><\/figure><figure class='gallery-item'>\n\t\t\t<div class='gallery-icon landscape'>\n\t\t\t\t<a href='https:\/\/archive.sana.sy\/es\/wp-content\/uploads\/2017\/03\/Doble-atentado-terrorista-Shaghur-9.jpg'><img loading=\"lazy\" decoding=\"async\" width=\"150\" height=\"104\" src=\"https:\/\/archive.sana.sy\/es\/wp-content\/uploads\/2017\/03\/Doble-atentado-terrorista-Shaghur-9-150x104.jpg\" class=\"attachment-thumbnail size-thumbnail\" alt=\"\" srcset=\"https:\/\/archive.sana.sy\/es\/wp-content\/uploads\/2017\/03\/Doble-atentado-terrorista-Shaghur-9-150x104.jpg 150w, https:\/\/archive.sana.sy\/es\/wp-content\/uploads\/2017\/03\/Doble-atentado-terrorista-Shaghur-9-300x208.jpg 300w, https:\/\/archive.sana.sy\/es\/wp-content\/uploads\/2017\/03\/Doble-atentado-terrorista-Shaghur-9-768x532.jpg 768w, https:\/\/archive.sana.sy\/es\/wp-content\/uploads\/2017\/03\/Doble-atentado-terrorista-Shaghur-9-1024x709.jpg 1024w, https:\/\/archive.sana.sy\/es\/wp-content\/uploads\/2017\/03\/Doble-atentado-terrorista-Shaghur-9-110x75.jpg 110w\" sizes=\"(max-width: 150px) 100vw, 150px\" \/><\/a>\n\t\t\t<\/div><\/figure><figure class='gallery-item'>\n\t\t\t<div class='gallery-icon landscape'>\n\t\t\t\t<a href='https:\/\/archive.sana.sy\/es\/wp-content\/uploads\/2017\/03\/Doble-atentado-terrorista-Shaghur-10.jpg'><img loading=\"lazy\" decoding=\"async\" width=\"150\" height=\"100\" src=\"https:\/\/archive.sana.sy\/es\/wp-content\/uploads\/2017\/03\/Doble-atentado-terrorista-Shaghur-10-150x100.jpg\" class=\"attachment-thumbnail size-thumbnail\" alt=\"\" srcset=\"https:\/\/archive.sana.sy\/es\/wp-content\/uploads\/2017\/03\/Doble-atentado-terrorista-Shaghur-10-150x100.jpg 150w, https:\/\/archive.sana.sy\/es\/wp-content\/uploads\/2017\/03\/Doble-atentado-terrorista-Shaghur-10-300x200.jpg 300w, https:\/\/archive.sana.sy\/es\/wp-content\/uploads\/2017\/03\/Doble-atentado-terrorista-Shaghur-10-768x511.jpg 768w, https:\/\/archive.sana.sy\/es\/wp-content\/uploads\/2017\/03\/Doble-atentado-terrorista-Shaghur-10-1024x681.jpg 1024w, https:\/\/archive.sana.sy\/es\/wp-content\/uploads\/2017\/03\/Doble-atentado-terrorista-Shaghur-10-310x205.jpg 310w\" sizes=\"(max-width: 150px) 100vw, 150px\" \/><\/a>\n\t\t\t<\/div><\/figure>\n\t\t<\/div>\n\n<p><span style=\"color: #0000ff\">Lynn A., Akram. S.<\/span><\/p>\n","protected":false},"excerpt":{"rendered":"<p>Damasco, SANA El ministro del Interior, general Mohamad al-Shaar, hizo una inspecci\u00f3n del sitio donde se produjo hoy el s\u00e1bado el doble atentado terrorista en la zona de Bab al-Saghir en la capital Damasco. En declaraciones concedidas a la prensa, el Ministro del Interior se\u00f1al\u00f3 que el doble ataque terrorista se llev\u00f3 a cabo contra &hellip;<\/p>\n","protected":false},"author":1,"featured_media":62059,"comment_status":"closed","ping_status":"closed","sticky":false,"template":"","format":"standard","meta":{"footnotes":""},"categories":[597,573,476,583,7541],"tags":[],"class_list":["post-62058","post","type-post","status-publish","format-standard","has-post-thumbnail","","category-cinta-de-noticias","category-la-realidad-de-los-acontecimientos-en-siria","category-locales","category-slide","category-ultimas-noticias"],"_links":{"self":[{"href":"https:\/\/archive.sana.sy\/es\/index.php?rest_route=\/wp\/v2\/posts\/62058"}],"collection":[{"href":"https:\/\/archive.sana.sy\/es\/index.php?rest_route=\/wp\/v2\/posts"}],"about":[{"href":"https:\/\/archive.sana.sy\/es\/index.php?rest_route=\/wp\/v2\/types\/post"}],"author":[{"embeddable":true,"href":"https:\/\/archive.sana.sy\/es\/index.php?rest_route=\/wp\/v2\/users\/1"}],"replies":[{"embeddable":true,"href":"https:\/\/archive.sana.sy\/es\/index.php?rest_route=%2Fwp%2Fv2%2Fcomments&post=62058"}],"version-history":[{"count":0,"href":"https:\/\/archive.sana.sy\/es\/index.php?rest_route=\/wp\/v2\/posts\/62058\/revisions"}],"wp:featuredmedia":[{"embeddable":true,"href":"https:\/\/archive.sana.sy\/es\/index.php?rest_route=\/wp\/v2\/media\/62059"}],"wp:attachment":[{"href":"https:\/\/archive.sana.sy\/es\/index.php?rest_route=%2Fwp%2Fv2%2Fmedia&parent=62058"}],"wp:term":[{"taxonomy":"category","embeddable":true,"href":"https:\/\/archive.sana.sy\/es\/index.php?rest_route=%2Fwp%2Fv2%2Fcategories&post=62058"},{"taxonomy":"post_tag","embeddable":true,"href":"https:\/\/archive.sana.sy\/es\/index.php?rest_route=%2Fwp%2Fv2%2Ftags&post=62058"}],"curies":[{"name":"wp","href":"https:\/\/api.w.org\/{rel}","templated":true}]}}