{"id":62102,"date":"2017-03-11T17:08:51","date_gmt":"2017-03-11T15:08:51","guid":{"rendered":"http:\/\/www.sana.sy\/es\/?p=62102"},"modified":"2017-03-11T17:10:41","modified_gmt":"2017-03-11T15:10:41","slug":"siria-exige-a-la-onu-que-condene-atentado-terrorista-cobarde-que-causo-este-sabado-decenas-de-martires-y-heridos-en-damasco","status":"publish","type":"post","link":"https:\/\/archive.sana.sy\/es\/?p=62102","title":{"rendered":"Siria exige a la ONU que condene atentado terrorista cobarde que dej\u00f3 decenas de m\u00e1rtires y heridos en Bab al-Saghir en Damasco"},"content":{"rendered":"<p><span style=\"color: #800000\">Damasco, SANA<\/span><\/p>\n<p>La Canciller\u00eda siria envi\u00f3 este s\u00e1bado dos cartas id\u00e9nticas al Secretario General de la ONU y el presidente del Consejo de Seguridad sobre el doble atentado terrorista que sacudi\u00f3 este s\u00e1bado la zona de Bab al-Saghir en Damasco, causando decenas de m\u00e1rtires y heridos.<\/p>\n<p>En la carta, la Canciller\u00eda destac\u00f3 que este atentado cobarde se trata de una reacci\u00f3n a las victorias logradas por el ej\u00e9rcito siro sobre las organizaciones terroristas de Daesh y el Frente de al-Nousra, y los grupos vinculados a las mismas, as\u00ed como expresa el rechazo de estas organizaciones criminales al proceso de reconciliaci\u00f3n que se est\u00e1 desarrollando en varias zonas.<\/p>\n<p>\u201cSiria exige al Secretario General de la ONU y el Consejo de Seguridad que condenen este acto cobarde y no provean encubrimiento a sus autores y a los gobiernos y pa\u00edses que prestan apoyo a los mismos\u201d, asever\u00f3 la Canciller\u00eda.<\/p>\n<p>Asimismo dirigi\u00f3 un llamamiento a la comunidad internacional para luchar conjuntamente contra el terrorismo\u00a0en plena cooperaci\u00f3n y coordinaci\u00f3n con el gobierno sirio.<\/p>\n<p>&nbsp;<\/p>\n<p>&nbsp;<\/p>\n<p>Lynn A.<\/p>\n","protected":false},"excerpt":{"rendered":"<p>Damasco, SANA La Canciller\u00eda siria envi\u00f3 este s\u00e1bado dos cartas id\u00e9nticas al Secretario General de la ONU y el presidente del Consejo de Seguridad sobre el doble atentado terrorista que sacudi\u00f3 este s\u00e1bado la zona de Bab al-Saghir en Damasco, causando decenas de m\u00e1rtires y heridos. En la carta, la Canciller\u00eda destac\u00f3 que este atentado &hellip;<\/p>\n","protected":false},"author":24,"featured_media":46571,"comment_status":"closed","ping_status":"closed","sticky":false,"template":"","format":"standard","meta":{"footnotes":""},"categories":[597,476,7541],"tags":[],"class_list":["post-62102","post","type-post","status-publish","format-standard","has-post-thumbnail","","category-cinta-de-noticias","category-locales","category-ultimas-noticias"],"_links":{"self":[{"href":"https:\/\/archive.sana.sy\/es\/index.php?rest_route=\/wp\/v2\/posts\/62102"}],"collection":[{"href":"https:\/\/archive.sana.sy\/es\/index.php?rest_route=\/wp\/v2\/posts"}],"about":[{"href":"https:\/\/archive.sana.sy\/es\/index.php?rest_route=\/wp\/v2\/types\/post"}],"author":[{"embeddable":true,"href":"https:\/\/archive.sana.sy\/es\/index.php?rest_route=\/wp\/v2\/users\/24"}],"replies":[{"embeddable":true,"href":"https:\/\/archive.sana.sy\/es\/index.php?rest_route=%2Fwp%2Fv2%2Fcomments&post=62102"}],"version-history":[{"count":0,"href":"https:\/\/archive.sana.sy\/es\/index.php?rest_route=\/wp\/v2\/posts\/62102\/revisions"}],"wp:featuredmedia":[{"embeddable":true,"href":"https:\/\/archive.sana.sy\/es\/index.php?rest_route=\/wp\/v2\/media\/46571"}],"wp:attachment":[{"href":"https:\/\/archive.sana.sy\/es\/index.php?rest_route=%2Fwp%2Fv2%2Fmedia&parent=62102"}],"wp:term":[{"taxonomy":"category","embeddable":true,"href":"https:\/\/archive.sana.sy\/es\/index.php?rest_route=%2Fwp%2Fv2%2Fcategories&post=62102"},{"taxonomy":"post_tag","embeddable":true,"href":"https:\/\/archive.sana.sy\/es\/index.php?rest_route=%2Fwp%2Fv2%2Ftags&post=62102"}],"curies":[{"name":"wp","href":"https:\/\/api.w.org\/{rel}","templated":true}]}}