{"id":62527,"date":"2017-03-21T19:45:41","date_gmt":"2017-03-21T17:45:41","guid":{"rendered":"http:\/\/www.sana.sy\/es\/?p=62527"},"modified":"2017-03-21T19:45:40","modified_gmt":"2017-03-21T17:45:40","slug":"ejercito-sirio-repele-un-segundo-ataque-de-los-terroristas-de-al-nousra-en-el-frente-este-de-damasco","status":"publish","type":"post","link":"https:\/\/archive.sana.sy\/es\/?p=62527","title":{"rendered":"Ej\u00e9rcito sirio repele un segundo ataque de los terroristas de Al Nousra en el frente este de Damasco"},"content":{"rendered":"<p><span style=\"color: #800000;\">Provincias, SANA<\/span><\/p>\n<p>Una fuente militar inform\u00f3 que las unidades castrenses sirias prosiguen sus operativos contra el restante de los terroristas que se hab\u00edan infiltrado en la periferia de las f\u00e1bricas de textil al norte de Yobar en los extremos este de Damasco.<\/p>\n<p>La artiller\u00eda y la aviaci\u00f3n asestaron tambi\u00e9n duros golpes a posiciones de los grupos terroristas del Frente de al-Nousra en el fondo del barrio de Yobar y las zonas circundantes.<\/p>\n<p>El reportero de SANA a\u00f1adi\u00f3 que la artiller\u00eda siria bombarde\u00f3 posiciones de los terroristas, desde donde atacaban con mortero y fusiles de precisi\u00f3n la zona de al-Abassiyin.<\/p>\n<p>Anteriormente, unidades de Ej\u00e9rcito repelieron un ataque de los terroristas del Frente al Nousra y otros grupos extremistas en el frente este de la capital Damasco.<\/p>\n<p>Una fuente militar inform\u00f3 que los uniformados sirios libraron duras batallas contra los terroristas del grupo Frente de al-Nousra y otros grupos que combaten bajo sus \u00f3rdenes, en el frente del norte del Barrio capitalino de Yobar.<\/p>\n<p>Los terroristas empezaron su ataque con un coche bomba conducido por un terrorista suicida, para luego intentar infiltrarse hacia las instalaciones de la Compa\u00f1\u00eda Textil.<\/p>\n<p><span style=\"color: #0000ff;\">Homs<\/span><\/p>\n<p>En el campo norte de Homs, unidades del ej\u00e9rcito sirio acabaron con terroristas del Frente de al-Nousra, y les destruyeron veh\u00edculos en el pueblo de Um Sharshuh, al norte de la colina de Abou al-Sanasel, y la zona de al-Hula.<\/p>\n<p>En la comarca este de la provincia, una fuente militar inform\u00f3 que el Ej\u00e9rcito aniquil\u00f3 a un gran n\u00famero de terroristas de Daesh en la localidad de al Barda, la colina de Ayed al Hassun, y destruy\u00f3 un veh\u00edculo equipado con ametralladora pesada.<\/p>\n<p><span style=\"color: #0000ff;\">Hama<\/span><\/p>\n<p>En el campo norte de Hama, los uniformados sirios eliminaron a terroristas del Frente de al-Nousra y les destruyeron tres veh\u00edculos blindados, dos morteros y un veh\u00edculo artillado en la localidad de al-Ziyara y el pueblo de al-Unkiya.<\/p>\n<p>&nbsp;<\/p>\n<p><span style=\"color: #0000ff;\">Deraa<\/span><\/p>\n<p>Una unidad del Ej\u00e9rcito aniquil\u00f3 a varios terroristas del Frente de al Nusra durante sus operaciones para erradicar el terrorismo takfir\u00ed en Deraa.<\/p>\n<p>Una fuente militar inform\u00f3 que una unidad del Ej\u00e9rcito realiz\u00f3 una serie de operaciones contra ejes de movilizaci\u00f3n de los grupos terroristas del Frente de al Nusra, en la carretera de al Mukhayam- Prisi\u00f3n Gharz, lo que caus\u00f3 la muerte de varios terroristas y la destrucci\u00f3n de un tanque y un carro.<\/p>\n<p>&nbsp;<\/p>\n<p>&nbsp;<\/p>\n<p><span style=\"color: #0000ff;\">Fady M., Lynn A., Akram, S<\/span><\/p>\n","protected":false},"excerpt":{"rendered":"<p>Provincias, SANA Una fuente militar inform\u00f3 que las unidades castrenses sirias prosiguen sus operativos contra el restante de los terroristas que se hab\u00edan infiltrado en la periferia de las f\u00e1bricas de textil al norte de Yobar en los extremos este de Damasco. La artiller\u00eda y la aviaci\u00f3n asestaron tambi\u00e9n duros golpes a posiciones de los &hellip;<\/p>\n","protected":false},"author":24,"featured_media":62528,"comment_status":"closed","ping_status":"closed","sticky":false,"template":"","format":"standard","meta":{"footnotes":""},"categories":[597,573,583,7541],"tags":[],"class_list":["post-62527","post","type-post","status-publish","format-standard","has-post-thumbnail","","category-cinta-de-noticias","category-la-realidad-de-los-acontecimientos-en-siria","category-slide","category-ultimas-noticias"],"_links":{"self":[{"href":"https:\/\/archive.sana.sy\/es\/index.php?rest_route=\/wp\/v2\/posts\/62527"}],"collection":[{"href":"https:\/\/archive.sana.sy\/es\/index.php?rest_route=\/wp\/v2\/posts"}],"about":[{"href":"https:\/\/archive.sana.sy\/es\/index.php?rest_route=\/wp\/v2\/types\/post"}],"author":[{"embeddable":true,"href":"https:\/\/archive.sana.sy\/es\/index.php?rest_route=\/wp\/v2\/users\/24"}],"replies":[{"embeddable":true,"href":"https:\/\/archive.sana.sy\/es\/index.php?rest_route=%2Fwp%2Fv2%2Fcomments&post=62527"}],"version-history":[{"count":0,"href":"https:\/\/archive.sana.sy\/es\/index.php?rest_route=\/wp\/v2\/posts\/62527\/revisions"}],"wp:featuredmedia":[{"embeddable":true,"href":"https:\/\/archive.sana.sy\/es\/index.php?rest_route=\/wp\/v2\/media\/62528"}],"wp:attachment":[{"href":"https:\/\/archive.sana.sy\/es\/index.php?rest_route=%2Fwp%2Fv2%2Fmedia&parent=62527"}],"wp:term":[{"taxonomy":"category","embeddable":true,"href":"https:\/\/archive.sana.sy\/es\/index.php?rest_route=%2Fwp%2Fv2%2Fcategories&post=62527"},{"taxonomy":"post_tag","embeddable":true,"href":"https:\/\/archive.sana.sy\/es\/index.php?rest_route=%2Fwp%2Fv2%2Ftags&post=62527"}],"curies":[{"name":"wp","href":"https:\/\/api.w.org\/{rel}","templated":true}]}}