{"id":62577,"date":"2017-03-22T16:25:48","date_gmt":"2017-03-22T14:25:48","guid":{"rendered":"http:\/\/www.sana.sy\/es\/?p=62577"},"modified":"2017-03-22T16:34:51","modified_gmt":"2017-03-22T14:34:51","slug":"presidente-al-assad-se-reune-con-diputados-tunecinos","status":"publish","type":"post","link":"https:\/\/archive.sana.sy\/es\/?p=62577","title":{"rendered":"Presidente al-Assad se re\u00fane con diputados tunecinos"},"content":{"rendered":"<p><span style=\"color: #800000\">Damasco, SANA<\/span><\/p>\n<p>El presidente Bashar al-Assad, recibi\u00f3 este mi\u00e9rcoles a diputados del Frente Popular para los Partidos Nacionales de T\u00fanez.<\/p>\n<p>En la reuni\u00f3n, el mandatario sirio destac\u00f3 que uno de los aspectos m\u00e1s peligrosos de la guerra terrorista que sufre Siria y la regi\u00f3n, se plasma en los intentos para golpear la identidad y cultura \u00e1rabes, y para tergiversar la idea de pertenencia al arabismo y la patria mediante la siembre de la ideolog\u00eda extremista basada en la supresi\u00f3n\u00a0del otro.<\/p>\n<p>Hizo hincapi\u00e9 en el papel de los partidos pol\u00edticos y las organizaciones populares \u00e1rabes en el enfrentamiento de esta guerra ideol\u00f3gica y cultural a trav\u00e9s de buscar las razones detr\u00e1s del retroceso de la situaci\u00f3n \u00e1rabe, y trabajar para adoptar un proyecto pan\u00e1rabe, integrado y de desarrollo mediante la elaboraci\u00f3n de un di\u00e1logo profundo.<\/p>\n<p>A su vez, los miembros de la delegaci\u00f3n tunecina expresaron su solidaridad con Siria, y valoraron altamente la resistencia excepcional que muestra el pueblo sirio frente a la guerra terrorista.<\/p>\n<p>Resaltaron que la embestida feroz e in\u00e9dita librada contra Siria se debe a que esta \u00faltima es el \u00fanico basti\u00f3n de resistencia frente a los proyectos occidentales y sionistas.<\/p>\n<p>&nbsp;<\/p>\n<p>&nbsp;<\/p>\n<p>Lynn A.<\/p>\n","protected":false},"excerpt":{"rendered":"<p>Damasco, SANA El presidente Bashar al-Assad, recibi\u00f3 este mi\u00e9rcoles a diputados del Frente Popular para los Partidos Nacionales de T\u00fanez. En la reuni\u00f3n, el mandatario sirio destac\u00f3 que uno de los aspectos m\u00e1s peligrosos de la guerra terrorista que sufre Siria y la regi\u00f3n, se plasma en los intentos para golpear la identidad y cultura &hellip;<\/p>\n","protected":false},"author":24,"featured_media":62578,"comment_status":"closed","ping_status":"closed","sticky":false,"template":"","format":"standard","meta":{"footnotes":""},"categories":[597,583,626,7541],"tags":[],"class_list":["post-62577","post","type-post","status-publish","format-standard","has-post-thumbnail","","category-cinta-de-noticias","category-slide","category-sr-presidente","category-ultimas-noticias"],"_links":{"self":[{"href":"https:\/\/archive.sana.sy\/es\/index.php?rest_route=\/wp\/v2\/posts\/62577"}],"collection":[{"href":"https:\/\/archive.sana.sy\/es\/index.php?rest_route=\/wp\/v2\/posts"}],"about":[{"href":"https:\/\/archive.sana.sy\/es\/index.php?rest_route=\/wp\/v2\/types\/post"}],"author":[{"embeddable":true,"href":"https:\/\/archive.sana.sy\/es\/index.php?rest_route=\/wp\/v2\/users\/24"}],"replies":[{"embeddable":true,"href":"https:\/\/archive.sana.sy\/es\/index.php?rest_route=%2Fwp%2Fv2%2Fcomments&post=62577"}],"version-history":[{"count":0,"href":"https:\/\/archive.sana.sy\/es\/index.php?rest_route=\/wp\/v2\/posts\/62577\/revisions"}],"wp:featuredmedia":[{"embeddable":true,"href":"https:\/\/archive.sana.sy\/es\/index.php?rest_route=\/wp\/v2\/media\/62578"}],"wp:attachment":[{"href":"https:\/\/archive.sana.sy\/es\/index.php?rest_route=%2Fwp%2Fv2%2Fmedia&parent=62577"}],"wp:term":[{"taxonomy":"category","embeddable":true,"href":"https:\/\/archive.sana.sy\/es\/index.php?rest_route=%2Fwp%2Fv2%2Fcategories&post=62577"},{"taxonomy":"post_tag","embeddable":true,"href":"https:\/\/archive.sana.sy\/es\/index.php?rest_route=%2Fwp%2Fv2%2Ftags&post=62577"}],"curies":[{"name":"wp","href":"https:\/\/api.w.org\/{rel}","templated":true}]}}