{"id":62588,"date":"2017-03-21T23:45:23","date_gmt":"2017-03-21T21:45:23","guid":{"rendered":"http:\/\/www.sana.sy\/es\/?p=62588"},"modified":"2017-03-22T16:51:48","modified_gmt":"2017-03-22T14:51:48","slug":"decenas-de-civiles-mueren-en-un-nuevo-bombardeo-de-la-coalicion-contra-una-escuela-en-raqqa","status":"publish","type":"post","link":"https:\/\/archive.sana.sy\/es\/?p=62588","title":{"rendered":"Decenas de civiles mueren en un nuevo bombardeo de la Coalici\u00f3n contra una escuela en Raqqa"},"content":{"rendered":"<p><span style=\"color: #800000\">Raqqa, SANA<\/span><\/p>\n<p>Los cazas de la Coalici\u00f3n liderada por EE.UU cometieron una nueva masacre que cobr\u00f3 la vida de decenas de civiles en el poblado de Mansoura al oeste de la ciudad de Raqqa.<\/p>\n<p>Seg\u00fan fuentes civiles, los aviones de combate de la Coalici\u00f3n Internacional liderada por EE.UU, bombarde\u00f3 en la madrugada de este mi\u00e9rcoles a una escuela al sur de la ciudad Mansoura, a 30 km al oeste de la ciudad de Raqqa, lo que caus\u00f3 la muerte de decenas de civiles, en su mayor\u00eda ni\u00f1os y mujeres.<\/p>\n<p>Las fuentes indicaron que &#8220;los ataques ha provocado la destrucci\u00f3n de la escuela casi por completo.<br \/>\nDicha escuela albergaba alrededor de 50 familias desplazadas del campo de Alepo y Raqqa.<\/p>\n<p>&nbsp;<br \/>\nFady M., Lynn A.<\/p>\n","protected":false},"excerpt":{"rendered":"<p>Raqqa, SANA Los cazas de la Coalici\u00f3n liderada por EE.UU cometieron una nueva masacre que cobr\u00f3 la vida de decenas de civiles en el poblado de Mansoura al oeste de la ciudad de Raqqa. Seg\u00fan fuentes civiles, los aviones de combate de la Coalici\u00f3n Internacional liderada por EE.UU, bombarde\u00f3 en la madrugada de este mi\u00e9rcoles &hellip;<\/p>\n","protected":false},"author":24,"featured_media":57462,"comment_status":"closed","ping_status":"closed","sticky":false,"template":"","format":"standard","meta":{"footnotes":""},"categories":[573,583,7541],"tags":[],"class_list":["post-62588","post","type-post","status-publish","format-standard","has-post-thumbnail","","category-la-realidad-de-los-acontecimientos-en-siria","category-slide","category-ultimas-noticias"],"_links":{"self":[{"href":"https:\/\/archive.sana.sy\/es\/index.php?rest_route=\/wp\/v2\/posts\/62588"}],"collection":[{"href":"https:\/\/archive.sana.sy\/es\/index.php?rest_route=\/wp\/v2\/posts"}],"about":[{"href":"https:\/\/archive.sana.sy\/es\/index.php?rest_route=\/wp\/v2\/types\/post"}],"author":[{"embeddable":true,"href":"https:\/\/archive.sana.sy\/es\/index.php?rest_route=\/wp\/v2\/users\/24"}],"replies":[{"embeddable":true,"href":"https:\/\/archive.sana.sy\/es\/index.php?rest_route=%2Fwp%2Fv2%2Fcomments&post=62588"}],"version-history":[{"count":0,"href":"https:\/\/archive.sana.sy\/es\/index.php?rest_route=\/wp\/v2\/posts\/62588\/revisions"}],"wp:featuredmedia":[{"embeddable":true,"href":"https:\/\/archive.sana.sy\/es\/index.php?rest_route=\/wp\/v2\/media\/57462"}],"wp:attachment":[{"href":"https:\/\/archive.sana.sy\/es\/index.php?rest_route=%2Fwp%2Fv2%2Fmedia&parent=62588"}],"wp:term":[{"taxonomy":"category","embeddable":true,"href":"https:\/\/archive.sana.sy\/es\/index.php?rest_route=%2Fwp%2Fv2%2Fcategories&post=62588"},{"taxonomy":"post_tag","embeddable":true,"href":"https:\/\/archive.sana.sy\/es\/index.php?rest_route=%2Fwp%2Fv2%2Ftags&post=62588"}],"curies":[{"name":"wp","href":"https:\/\/api.w.org\/{rel}","templated":true}]}}