{"id":62871,"date":"2017-03-29T18:07:45","date_gmt":"2017-03-29T16:07:45","guid":{"rendered":"http:\/\/www.sana.sy\/es\/?p=62871"},"modified":"2017-03-30T17:38:19","modified_gmt":"2017-03-30T15:38:19","slug":"presidente-al-assad-modifica-el-gabinete-y-asigna-a-tres-nuevos-ministros","status":"publish","type":"post","link":"https:\/\/archive.sana.sy\/es\/?p=62871","title":{"rendered":"Presidente Al-Assad modifica el gabinete y asigna a tres nuevos ministros (actualizado)"},"content":{"rendered":"<p><span style=\"color: #800000\">Damasco, SANA<\/span><\/p>\n<p>El presidente Bashar al-Assad, promulg\u00f3 un decreto que modifica el gabinete sirio y asigna a tres nuevos ministros.<\/p>\n<p>Seg\u00fan el decreto, los nuevos ministros son: Hisham Mohamed Mamdouh Al-Shaar como Ministro de Justicia, Mohamad Samer Abdel-Rahman Khalil como Ministro de Econom\u00eda y Comercio Exterior, y la Dra. Salam Mohammed Al-Saffaf, como Ministra de Desarrollo Administrativo.<\/p>\n<p>El juez Hisham al-Shaar naci\u00f3 en Damasco en 1958, es juez desde el a\u00f1o 1981, ocup\u00f3 varios importantes puestos tales como director del Consejo de Estado, Presidente del Comit\u00e9 Supremo de Justicia para las Elecciones, y Vicepresidente de la Corte de Casaci\u00f3n.<\/p>\n<p>Dra. al-Saffaf, naci\u00f3 en 1979 tiene un doctorado en las ciencias pol\u00edticas de la Universidad de Toulouse I de Francia, una maestrea en las relaciones internacionales de la Facultad de Econom\u00eda de la Universidad de Damasco, y una maestrea profesional en la Administraci\u00f3n General del Instituto Nacional de la Administraci\u00f3n General.<\/p>\n<p>Ocup\u00f3 el puesto de la viceministo de Desarrollo Administrativo, y tiene diversas obras cient\u00edficas en ambas idiomas \u00e1rabe y francesa.<\/p>\n<p>Dr. Samer Abdel-Rahman Khalil\u00a0era asesor del Ministro de Econom\u00eda y Comercio Exterior desde el a\u00f1o 2015, y anteriormente ocup\u00f3 el puesto de Director del Establecimiento General de Exposiciones y Mercados Internacionales.<\/p>\n<p>&nbsp;<\/p>\n<p>Fady M., Lynn A.<\/p>\n","protected":false},"excerpt":{"rendered":"<p>Damasco, SANA El presidente Bashar al-Assad, promulg\u00f3 un decreto que modifica el gabinete sirio y asigna a tres nuevos ministros. Seg\u00fan el decreto, los nuevos ministros son: Hisham Mohamed Mamdouh Al-Shaar como Ministro de Justicia, Mohamad Samer Abdel-Rahman Khalil como Ministro de Econom\u00eda y Comercio Exterior, y la Dra. Salam Mohammed Al-Saffaf, como Ministra de &hellip;<\/p>\n","protected":false},"author":24,"featured_media":28216,"comment_status":"closed","ping_status":"closed","sticky":false,"template":"","format":"standard","meta":{"footnotes":""},"categories":[597,583,626,7541],"tags":[],"class_list":["post-62871","post","type-post","status-publish","format-standard","has-post-thumbnail","","category-cinta-de-noticias","category-slide","category-sr-presidente","category-ultimas-noticias"],"_links":{"self":[{"href":"https:\/\/archive.sana.sy\/es\/index.php?rest_route=\/wp\/v2\/posts\/62871"}],"collection":[{"href":"https:\/\/archive.sana.sy\/es\/index.php?rest_route=\/wp\/v2\/posts"}],"about":[{"href":"https:\/\/archive.sana.sy\/es\/index.php?rest_route=\/wp\/v2\/types\/post"}],"author":[{"embeddable":true,"href":"https:\/\/archive.sana.sy\/es\/index.php?rest_route=\/wp\/v2\/users\/24"}],"replies":[{"embeddable":true,"href":"https:\/\/archive.sana.sy\/es\/index.php?rest_route=%2Fwp%2Fv2%2Fcomments&post=62871"}],"version-history":[{"count":0,"href":"https:\/\/archive.sana.sy\/es\/index.php?rest_route=\/wp\/v2\/posts\/62871\/revisions"}],"wp:featuredmedia":[{"embeddable":true,"href":"https:\/\/archive.sana.sy\/es\/index.php?rest_route=\/wp\/v2\/media\/28216"}],"wp:attachment":[{"href":"https:\/\/archive.sana.sy\/es\/index.php?rest_route=%2Fwp%2Fv2%2Fmedia&parent=62871"}],"wp:term":[{"taxonomy":"category","embeddable":true,"href":"https:\/\/archive.sana.sy\/es\/index.php?rest_route=%2Fwp%2Fv2%2Fcategories&post=62871"},{"taxonomy":"post_tag","embeddable":true,"href":"https:\/\/archive.sana.sy\/es\/index.php?rest_route=%2Fwp%2Fv2%2Ftags&post=62871"}],"curies":[{"name":"wp","href":"https:\/\/api.w.org\/{rel}","templated":true}]}}