{"id":62993,"date":"2017-04-01T17:26:18","date_gmt":"2017-04-01T14:26:18","guid":{"rendered":"http:\/\/www.sana.sy\/es\/?p=62993"},"modified":"2017-04-01T17:26:18","modified_gmt":"2017-04-01T14:26:18","slug":"presidenta-del-parlamento-recibe-a-miembros-del-frente-popular-arabe-para-la-unidad","status":"publish","type":"post","link":"https:\/\/archive.sana.sy\/es\/?p=62993","title":{"rendered":"Presidenta del Parlamento recibe a miembros del Frente Popular \u00c1rabe para la Unidad"},"content":{"rendered":"<p><span style=\"color: #800000\">Damasco, SANA<\/span><\/p>\n<p>La presidenta de la Asamblea del Pueblo, Hadiya Abbas, se reuni\u00f3 este s\u00e1bado con una delegaci\u00f3n del Frente Popular \u00c1rabe para la Unidad, que incluye a figuras pol\u00edticas y periodistas de Egipto, Sud\u00e1n, Palestina, y Libia, adem\u00e1s de representantes del ente en Siria.<\/p>\n<p>Durante la reuni\u00f3n, Abbas ratific\u00f3 el apoyo de Siria a cualquier iniciativa y proyecto renacentista \u00e1rabe que devuelva el resplandor al pensamiento nacionalista, y contribuya a fortalecer la capacidad de los \u00e1rabes de hacer frente\u00a0eficazmente a\u00a0los retos que amenazan la naci\u00f3n \u00e1rabe y su futuro.<\/p>\n<p>Abbas destac\u00f3 que la creaci\u00f3n de tal frente demuestra que los pol\u00edticos y cultores \u00e9lites han retomado la iniciativa para lanzar un nuevo proyecto \u00e1rabe que se centra en la labor conjunta frente a\u00a0las fuerzas takfiristas y las que buscan desagregar al mundo \u00e1rabe.<\/p>\n<p>A su vez, los miembros de la delegaci\u00f3n enfatizaron que la resistencia del pueblo y el ej\u00e9rcito de Siria ha contribuido a hacer frente el esquema ideada a dividir la regi\u00f3n.<\/p>\n<p>Asimismo resaltaron la necesidad de trasmitir la realidad de lo que est\u00e1 ocurriendo en el territorio sirio y desenmascarar las noticias publicadas por los medios tergiversadores sobre los acontecimientos en Siria.<\/p>\n<p>&nbsp;<\/p>\n<p>Lynn A.<\/p>\n","protected":false},"excerpt":{"rendered":"<p>Damasco, SANA La presidenta de la Asamblea del Pueblo, Hadiya Abbas, se reuni\u00f3 este s\u00e1bado con una delegaci\u00f3n del Frente Popular \u00c1rabe para la Unidad, que incluye a figuras pol\u00edticas y periodistas de Egipto, Sud\u00e1n, Palestina, y Libia, adem\u00e1s de representantes del ente en Siria. Durante la reuni\u00f3n, Abbas ratific\u00f3 el apoyo de Siria a &hellip;<\/p>\n","protected":false},"author":24,"featured_media":62994,"comment_status":"closed","ping_status":"closed","sticky":false,"template":"","format":"standard","meta":{"footnotes":""},"categories":[597,476,583,7541],"tags":[],"class_list":["post-62993","post","type-post","status-publish","format-standard","has-post-thumbnail","","category-cinta-de-noticias","category-locales","category-slide","category-ultimas-noticias"],"_links":{"self":[{"href":"https:\/\/archive.sana.sy\/es\/index.php?rest_route=\/wp\/v2\/posts\/62993"}],"collection":[{"href":"https:\/\/archive.sana.sy\/es\/index.php?rest_route=\/wp\/v2\/posts"}],"about":[{"href":"https:\/\/archive.sana.sy\/es\/index.php?rest_route=\/wp\/v2\/types\/post"}],"author":[{"embeddable":true,"href":"https:\/\/archive.sana.sy\/es\/index.php?rest_route=\/wp\/v2\/users\/24"}],"replies":[{"embeddable":true,"href":"https:\/\/archive.sana.sy\/es\/index.php?rest_route=%2Fwp%2Fv2%2Fcomments&post=62993"}],"version-history":[{"count":0,"href":"https:\/\/archive.sana.sy\/es\/index.php?rest_route=\/wp\/v2\/posts\/62993\/revisions"}],"wp:featuredmedia":[{"embeddable":true,"href":"https:\/\/archive.sana.sy\/es\/index.php?rest_route=\/wp\/v2\/media\/62994"}],"wp:attachment":[{"href":"https:\/\/archive.sana.sy\/es\/index.php?rest_route=%2Fwp%2Fv2%2Fmedia&parent=62993"}],"wp:term":[{"taxonomy":"category","embeddable":true,"href":"https:\/\/archive.sana.sy\/es\/index.php?rest_route=%2Fwp%2Fv2%2Fcategories&post=62993"},{"taxonomy":"post_tag","embeddable":true,"href":"https:\/\/archive.sana.sy\/es\/index.php?rest_route=%2Fwp%2Fv2%2Ftags&post=62993"}],"curies":[{"name":"wp","href":"https:\/\/api.w.org\/{rel}","templated":true}]}}