{"id":63008,"date":"2017-04-02T17:30:47","date_gmt":"2017-04-02T14:30:47","guid":{"rendered":"http:\/\/www.sana.sy\/es\/?p=63008"},"modified":"2017-04-02T17:30:47","modified_gmt":"2017-04-02T14:30:47","slug":"titulares-de-los-diarios-sirios-publicados-este-domingo-02-de-abril-del-2017","status":"publish","type":"post","link":"https:\/\/archive.sana.sy\/es\/?p=63008","title":{"rendered":"Titulares de los diarios sirios publicados este domingo 02 de Abril del 2017"},"content":{"rendered":"<p>Damasco, SANA<\/p>\n<p>Los principales diarios nacionales sirios destacaron los siguientes titulares:<\/p>\n<p>= Subsecretario del Partido Baath visita Alepo y llama a la intensificaci\u00f3n de los esfuerzos para la reconstrucci\u00f3n de la ciudad.<\/p>\n<p>= Gatilov reafirma la necesidad de participar en los esfuerzos pol\u00edticos para resolver la crisis en Siria sin condiciones previas.<\/p>\n<p>= Con la participaci\u00f3n de 110 empresas nacionales, inicia el Festival de Compras en la ciudad de Latakia.<\/p>\n<p>= Ministerio de Administraci\u00f3n Local y Medio Ambiente busca ampliar las inversiones que dependen en la energ\u00eda alternativa.<\/p>\n<p>= Inician las actividades del Festival de Patrimonio sirio en Sweida.<\/p>\n<p>= Portavoz del Secretario General de la ONU anuncia prolongaci\u00f3n del mandato de De Mistura como enviado especial de la ONU para Siria.<\/p>\n<p>= Comienzan a regresar a sus hogares los habitantes de las localidades recuperadas por el ej\u00e9rcito en el campo norte de Hama.<\/p>\n<p>= 800 armados con miembros de sus familias salen del barrio Waer en Homs y se dirigen a Idleb.<\/p>\n<p>= Gobernador de Homs anuncia la reapertura de cuatro escuelas en Waer para recibir a los alumnos que resultaron desplazados.<\/p>\n<p>= Los armados que salieron hacia el campo norte de Alepo quieren entregarse y normalizar su estatus por el maltrato que reciben en los campamentos turcos.<\/p>\n<p>= Presidenta del Parlamento recibe a miembros del Frente Popular \u00c1rabe para la Unidad.<\/p>\n<p>= Siria ratifica apoyo a cualquier iniciativa y proyecto renacentista \u00e1rabe que devuelva el resplandor al pensamiento nacionalista.<\/p>\n<p>= Ej\u00e9rcito destruye posiciones de Daesh en Deir Ezzor y aborta una arremetida terrorista en el campo norte de Latakia.<\/p>\n<p>= Con la participaci\u00f3n de Siria, organizan un evento cultural en Viena bajo el t\u00edtulo: &#8220;la Ruta de la Seda y las estaciones de oro&#8221;.<\/p>\n<p>= Elegir al decano de Farmac\u00e9uticos sirio como vicepresidente de la Uni\u00f3n \u00c1rabe de Farmac\u00e9uticos.<\/p>\n<p>= Coalici\u00f3n Internacional reconoce de nuevo la ca\u00edda de v\u00edctimas civiles como consecuencia de sus supuestas incursiones contra el Daesh en Siria e Irak.<\/p>\n<p>= Naciones Unidas anunci9a que De Mistura continuar\u00e1 su trabajo como enviado de la ONU para Siria.<\/p>\n<p>= Parlamentario turco asegura que el apoyo de Erdogan a los terroristas en Siria es la causa de todos los problemas y el fracaso de la pol\u00edtica turca.<\/p>\n<p>= Casa Blanca anuncia que el enfoque de Estados Unidos deber\u00eda centrarse en la derrota del grupo terrorista &#8220;Daesh&#8221;.<\/p>\n<p>= Televisi\u00f3n iraqu\u00ed anuncia la eliminaci\u00f3n del N\u00famero dos del Daesh.<br \/>\n= 18 personas resultaron heridas por una explosi\u00f3n cerca de Par\u00eds.<br \/>\n= Mueren dos yemen\u00edes en una incursi\u00f3n a\u00e9rea saud\u00ed contra la provincia de Taiz.<\/p>\n<p>= Larijani dice que Estados Unidos es responsable de la desestabilizaci\u00f3n en la regi\u00f3n.<\/p>\n<p>= 16 personas resultan heridas en un atentado terrorista frente a un centro de formaci\u00f3n de la polic\u00eda en Egipto.<\/p>\n<p>= Maduro convoca a una reuni\u00f3n del Consejo de Seguridad del Estado para evaluar la situaci\u00f3n pol\u00edtica.<\/p>\n<p>= Peskov: Existe similitud entre el enfoque de Putin y el de Trump hacia las Relaciones Internacionales.<\/p>\n<p>= Naciones Unidas declara su rechazo a cualquier acci\u00f3n militar dentro o alrededor del puerto yemen\u00ed de Hodeida.<\/p>\n<p>= Varios palestinos resultan heridos por disparos de las fuerzas de ocupaci\u00f3n israel\u00edes en Jenin.<\/p>\n<p>Fadi M.-Y.K.<\/p>\n","protected":false},"excerpt":{"rendered":"<p>Damasco, SANA Los principales diarios nacionales sirios destacaron los siguientes titulares: = Subsecretario del Partido Baath visita Alepo y llama a la intensificaci\u00f3n de los esfuerzos para la reconstrucci\u00f3n de la ciudad. = Gatilov reafirma la necesidad de participar en los esfuerzos pol\u00edticos para resolver la crisis en Siria sin condiciones previas. = Con la &hellip;<\/p>\n","protected":false},"author":1,"featured_media":63009,"comment_status":"closed","ping_status":"closed","sticky":false,"template":"","format":"standard","meta":{"footnotes":""},"categories":[477,476,7541],"tags":[],"class_list":["post-63008","post","type-post","status-publish","format-standard","has-post-thumbnail","","category-noticias-edulcorantes","category-locales","category-ultimas-noticias"],"_links":{"self":[{"href":"https:\/\/archive.sana.sy\/es\/index.php?rest_route=\/wp\/v2\/posts\/63008"}],"collection":[{"href":"https:\/\/archive.sana.sy\/es\/index.php?rest_route=\/wp\/v2\/posts"}],"about":[{"href":"https:\/\/archive.sana.sy\/es\/index.php?rest_route=\/wp\/v2\/types\/post"}],"author":[{"embeddable":true,"href":"https:\/\/archive.sana.sy\/es\/index.php?rest_route=\/wp\/v2\/users\/1"}],"replies":[{"embeddable":true,"href":"https:\/\/archive.sana.sy\/es\/index.php?rest_route=%2Fwp%2Fv2%2Fcomments&post=63008"}],"version-history":[{"count":0,"href":"https:\/\/archive.sana.sy\/es\/index.php?rest_route=\/wp\/v2\/posts\/63008\/revisions"}],"wp:featuredmedia":[{"embeddable":true,"href":"https:\/\/archive.sana.sy\/es\/index.php?rest_route=\/wp\/v2\/media\/63009"}],"wp:attachment":[{"href":"https:\/\/archive.sana.sy\/es\/index.php?rest_route=%2Fwp%2Fv2%2Fmedia&parent=63008"}],"wp:term":[{"taxonomy":"category","embeddable":true,"href":"https:\/\/archive.sana.sy\/es\/index.php?rest_route=%2Fwp%2Fv2%2Fcategories&post=63008"},{"taxonomy":"post_tag","embeddable":true,"href":"https:\/\/archive.sana.sy\/es\/index.php?rest_route=%2Fwp%2Fv2%2Ftags&post=63008"}],"curies":[{"name":"wp","href":"https:\/\/api.w.org\/{rel}","templated":true}]}}