{"id":63583,"date":"2017-04-13T18:04:29","date_gmt":"2017-04-13T15:04:29","guid":{"rendered":"http:\/\/www.sana.sy\/es\/?p=63583"},"modified":"2017-04-13T18:04:29","modified_gmt":"2017-04-13T15:04:29","slug":"ejercito-repele-ataques-de-los-terroristas-del-daesh-y-al-nousra-en-homs-y-deraa","status":"publish","type":"post","link":"https:\/\/archive.sana.sy\/es\/?p=63583","title":{"rendered":"Ej\u00e9rcito repele ataques de los terroristas del Daesh y Al Nousra en Homs y Deraa"},"content":{"rendered":"<p>Provincias, SANA<\/p>\n<p><span style=\"color: #0000ff\">Homs<\/span><\/p>\n<p>Unidades del Ej\u00e9rcito \u00c1rabe Sirio en cooperaci\u00f3n con las fuerzas aliadas, repelieron ataques de los grupos terroristas del Daesh contra varios puntos militares en el campo este de Homs.<\/p>\n<p>Una fuente militar inform\u00f3 que grupos de terroristas del Daesh atacaron a posiciones del ej\u00e9rcito contra el Monte de Sawanah cerca de la Presa de Qrayateen, a unos 140 km al sudeste de la ciudad de Homs.<\/p>\n<p><span style=\"color: #0000ff\">Deraa<\/span><\/p>\n<p>En la provincia de Deraa en el sur del pa\u00eds, los uniformados bombardearon a concentraciones y veh\u00edculos b\u00e9licos de los terroristas de Al-Nousra en la zona de Deraa al Balad.<\/p>\n<p>Una fuente militar inform\u00f3 que el ej\u00e9rcito destruy\u00f3 adem\u00e1s, a una base de misiles Tow y a veh\u00edculos blindados tras violentos enfrentamientos con los terroristas en la mencionada zona.<\/p>\n<p>Fadi M-Y.K.<\/p>\n","protected":false},"excerpt":{"rendered":"<p>Provincias, SANA Homs Unidades del Ej\u00e9rcito \u00c1rabe Sirio en cooperaci\u00f3n con las fuerzas aliadas, repelieron ataques de los grupos terroristas del Daesh contra varios puntos militares en el campo este de Homs. Una fuente militar inform\u00f3 que grupos de terroristas del Daesh atacaron a posiciones del ej\u00e9rcito contra el Monte de Sawanah cerca de la &hellip;<\/p>\n","protected":false},"author":1,"featured_media":63584,"comment_status":"closed","ping_status":"closed","sticky":false,"template":"","format":"standard","meta":{"footnotes":""},"categories":[573,583],"tags":[],"class_list":["post-63583","post","type-post","status-publish","format-standard","has-post-thumbnail","","category-la-realidad-de-los-acontecimientos-en-siria","category-slide"],"_links":{"self":[{"href":"https:\/\/archive.sana.sy\/es\/index.php?rest_route=\/wp\/v2\/posts\/63583"}],"collection":[{"href":"https:\/\/archive.sana.sy\/es\/index.php?rest_route=\/wp\/v2\/posts"}],"about":[{"href":"https:\/\/archive.sana.sy\/es\/index.php?rest_route=\/wp\/v2\/types\/post"}],"author":[{"embeddable":true,"href":"https:\/\/archive.sana.sy\/es\/index.php?rest_route=\/wp\/v2\/users\/1"}],"replies":[{"embeddable":true,"href":"https:\/\/archive.sana.sy\/es\/index.php?rest_route=%2Fwp%2Fv2%2Fcomments&post=63583"}],"version-history":[{"count":0,"href":"https:\/\/archive.sana.sy\/es\/index.php?rest_route=\/wp\/v2\/posts\/63583\/revisions"}],"wp:featuredmedia":[{"embeddable":true,"href":"https:\/\/archive.sana.sy\/es\/index.php?rest_route=\/wp\/v2\/media\/63584"}],"wp:attachment":[{"href":"https:\/\/archive.sana.sy\/es\/index.php?rest_route=%2Fwp%2Fv2%2Fmedia&parent=63583"}],"wp:term":[{"taxonomy":"category","embeddable":true,"href":"https:\/\/archive.sana.sy\/es\/index.php?rest_route=%2Fwp%2Fv2%2Fcategories&post=63583"},{"taxonomy":"post_tag","embeddable":true,"href":"https:\/\/archive.sana.sy\/es\/index.php?rest_route=%2Fwp%2Fv2%2Ftags&post=63583"}],"curies":[{"name":"wp","href":"https:\/\/api.w.org\/{rel}","templated":true}]}}