{"id":63586,"date":"2017-04-13T18:05:54","date_gmt":"2017-04-13T15:05:54","guid":{"rendered":"http:\/\/www.sana.sy\/es\/?p=63586"},"modified":"2017-04-13T18:05:54","modified_gmt":"2017-04-13T15:05:54","slug":"lavrov-moscu-no-apoyara-intentos-a-escondidas-en-el-csonu-para-condenas-a-siria","status":"publish","type":"post","link":"https:\/\/archive.sana.sy\/es\/?p=63586","title":{"rendered":"Lavrov: Mosc\u00fa no apoyar\u00e1 intentos a escondidas en el CSONU para condenas a Siria"},"content":{"rendered":"<p>Mosc\u00fa, SANA<\/p>\n<p>El ministro de Exteriores de Rusia, Sergu\u00e9i Lavrov, inform\u00f3 que le dej\u00f3 claro a su par estadounidense, Rex Tillerson, que los ataques armados contra Siria contradicen los objetivos de lucha contra el terrorismo.<\/p>\n<p>&#8220;Le record\u00e9 a Tillerson que los actos de su pa\u00eds similares a los ataques del 7 de abril contradicen la lucha contra el terrorismo&#8221;, dijo Lavrov.<\/p>\n<p>El jefe de la diplomacia rusa comunic\u00f3 tambi\u00e9n que durante el encuentro con su hom\u00f3logo norteamericano, debatieron la necesidad de intensificar los esfuerzos bilaterales para movilizar a la comunidad internacional para erradicar el terrorismo.<\/p>\n<p>Lavrov insisti\u00f3 en una investigaci\u00f3n minuciosa e independiente del suceso en Idleb, una zona bajo control de terroristas y facciones armadas de la oposici\u00f3n.<\/p>\n<p>Recalc\u00f3 que &#8220;Mosc\u00fa no apoya los intentos a escondidas de aprobar una resoluci\u00f3n del Consejo de Seguridad de la ONU sin antes efectuar inspecciones en el terreno&#8221;.<\/p>\n<p>Fadi M-Y.K.<\/p>\n","protected":false},"excerpt":{"rendered":"<p>Mosc\u00fa, SANA El ministro de Exteriores de Rusia, Sergu\u00e9i Lavrov, inform\u00f3 que le dej\u00f3 claro a su par estadounidense, Rex Tillerson, que los ataques armados contra Siria contradicen los objetivos de lucha contra el terrorismo. &#8220;Le record\u00e9 a Tillerson que los actos de su pa\u00eds similares a los ataques del 7 de abril contradicen la &hellip;<\/p>\n","protected":false},"author":1,"featured_media":63587,"comment_status":"closed","ping_status":"closed","sticky":false,"template":"","format":"standard","meta":{"footnotes":""},"categories":[456,457,7541],"tags":[],"class_list":["post-63586","post","type-post","status-publish","format-standard","has-post-thumbnail","","category-arabe-internacional-politica","category-noticias-arabe-internacional-politica","category-ultimas-noticias"],"_links":{"self":[{"href":"https:\/\/archive.sana.sy\/es\/index.php?rest_route=\/wp\/v2\/posts\/63586"}],"collection":[{"href":"https:\/\/archive.sana.sy\/es\/index.php?rest_route=\/wp\/v2\/posts"}],"about":[{"href":"https:\/\/archive.sana.sy\/es\/index.php?rest_route=\/wp\/v2\/types\/post"}],"author":[{"embeddable":true,"href":"https:\/\/archive.sana.sy\/es\/index.php?rest_route=\/wp\/v2\/users\/1"}],"replies":[{"embeddable":true,"href":"https:\/\/archive.sana.sy\/es\/index.php?rest_route=%2Fwp%2Fv2%2Fcomments&post=63586"}],"version-history":[{"count":0,"href":"https:\/\/archive.sana.sy\/es\/index.php?rest_route=\/wp\/v2\/posts\/63586\/revisions"}],"wp:featuredmedia":[{"embeddable":true,"href":"https:\/\/archive.sana.sy\/es\/index.php?rest_route=\/wp\/v2\/media\/63587"}],"wp:attachment":[{"href":"https:\/\/archive.sana.sy\/es\/index.php?rest_route=%2Fwp%2Fv2%2Fmedia&parent=63586"}],"wp:term":[{"taxonomy":"category","embeddable":true,"href":"https:\/\/archive.sana.sy\/es\/index.php?rest_route=%2Fwp%2Fv2%2Fcategories&post=63586"},{"taxonomy":"post_tag","embeddable":true,"href":"https:\/\/archive.sana.sy\/es\/index.php?rest_route=%2Fwp%2Fv2%2Ftags&post=63586"}],"curies":[{"name":"wp","href":"https:\/\/api.w.org\/{rel}","templated":true}]}}