{"id":63589,"date":"2017-04-13T18:07:45","date_gmt":"2017-04-13T15:07:45","guid":{"rendered":"http:\/\/www.sana.sy\/es\/?p=63589"},"modified":"2017-04-13T18:07:45","modified_gmt":"2017-04-13T15:07:45","slug":"kazajistan-llama-a-efectuar-una-investigacion-objetiva-en-el-supuesto-ataque-quimico-en-khan-shaikhun","status":"publish","type":"post","link":"https:\/\/archive.sana.sy\/es\/?p=63589","title":{"rendered":"Kazajist\u00e1n llama a efectuar una investigaci\u00f3n objetiva en el supuesto ataque qu\u00edmico en Khan Shaikhun"},"content":{"rendered":"<p>Astan\u00e1, SANA<\/p>\n<p>El Ministerio de Exteriores de Kazajist\u00e1n afirm\u00f3 la necesidad de realizar una investigaci\u00f3n objetiva en el caso de presunto empleo de armas qu\u00edmicas en Khan Shaikhun en la provincia de Idleb.<\/p>\n<p>La agencia rusa Sputnik cit\u00f3 una declaraci\u00f3n del Ministerio kazajo de Exteriores diciendo en un comunicado que el ministro de Exteriores de Kazajst\u00e1n, Khayrat Abdurahmanov, reafirm\u00f3 durante una reuni\u00f3n con una delegaci\u00f3n parlamentaria alemana la necesidad de realizar una investigaci\u00f3n objetiva y exhaustiva sobre el caso del uso de armas qu\u00edmicas en Idleb, y que la investigaci\u00f3n sea bajo los auspicios de las Naciones Unidas y la Organizaci\u00f3n para la Prohibici\u00f3n de Armas Qu\u00edmicas y con la participaci\u00f3n de todas las partes interesadas.&#8221;<\/p>\n<p>Abdulrahmanov reiter\u00f3 la disposici\u00f3n de su pa\u00eds de acoger la pr\u00f3xima reuni\u00f3n de Astana sobre Siria programada para el pr\u00f3ximo mes.<\/p>\n<p>Fadi M-Y.K.<\/p>\n","protected":false},"excerpt":{"rendered":"<p>Astan\u00e1, SANA El Ministerio de Exteriores de Kazajist\u00e1n afirm\u00f3 la necesidad de realizar una investigaci\u00f3n objetiva en el caso de presunto empleo de armas qu\u00edmicas en Khan Shaikhun en la provincia de Idleb. La agencia rusa Sputnik cit\u00f3 una declaraci\u00f3n del Ministerio kazajo de Exteriores diciendo en un comunicado que el ministro de Exteriores de &hellip;<\/p>\n","protected":false},"author":1,"featured_media":60268,"comment_status":"closed","ping_status":"closed","sticky":false,"template":"","format":"standard","meta":{"footnotes":""},"categories":[467,7541],"tags":[],"class_list":["post-63589","post","type-post","status-publish","format-standard","has-post-thumbnail","","category-siria-y-el-mundo","category-ultimas-noticias"],"_links":{"self":[{"href":"https:\/\/archive.sana.sy\/es\/index.php?rest_route=\/wp\/v2\/posts\/63589"}],"collection":[{"href":"https:\/\/archive.sana.sy\/es\/index.php?rest_route=\/wp\/v2\/posts"}],"about":[{"href":"https:\/\/archive.sana.sy\/es\/index.php?rest_route=\/wp\/v2\/types\/post"}],"author":[{"embeddable":true,"href":"https:\/\/archive.sana.sy\/es\/index.php?rest_route=\/wp\/v2\/users\/1"}],"replies":[{"embeddable":true,"href":"https:\/\/archive.sana.sy\/es\/index.php?rest_route=%2Fwp%2Fv2%2Fcomments&post=63589"}],"version-history":[{"count":0,"href":"https:\/\/archive.sana.sy\/es\/index.php?rest_route=\/wp\/v2\/posts\/63589\/revisions"}],"wp:featuredmedia":[{"embeddable":true,"href":"https:\/\/archive.sana.sy\/es\/index.php?rest_route=\/wp\/v2\/media\/60268"}],"wp:attachment":[{"href":"https:\/\/archive.sana.sy\/es\/index.php?rest_route=%2Fwp%2Fv2%2Fmedia&parent=63589"}],"wp:term":[{"taxonomy":"category","embeddable":true,"href":"https:\/\/archive.sana.sy\/es\/index.php?rest_route=%2Fwp%2Fv2%2Fcategories&post=63589"},{"taxonomy":"post_tag","embeddable":true,"href":"https:\/\/archive.sana.sy\/es\/index.php?rest_route=%2Fwp%2Fv2%2Ftags&post=63589"}],"curies":[{"name":"wp","href":"https:\/\/api.w.org\/{rel}","templated":true}]}}