{"id":63602,"date":"2017-04-14T13:32:51","date_gmt":"2017-04-14T10:32:51","guid":{"rendered":"http:\/\/www.sana.sy\/es\/?p=63602"},"modified":"2017-04-14T13:32:51","modified_gmt":"2017-04-14T10:32:51","slug":"lavrov-se-reune-con-su-homologo-irani-zarif-en-moscu","status":"publish","type":"post","link":"https:\/\/archive.sana.sy\/es\/?p=63602","title":{"rendered":"Lavrov se re\u00fane con su hom\u00f3logo iran\u00ed Zarif en Mosc\u00fa"},"content":{"rendered":"<p><span style=\"color: #800000\">Mosc\u00fa, SANA<\/span>&#8211; El canciller ruso, Sergei Lavrov, confirm\u00f3 que Rusia e Ir\u00e1n est\u00e1n cooperando desde hace mucho tiempo en la lucha contra el terrorismo internacional, en particular en Siria, y esto ocurre en paralelo con los esfuerzos para alcanzar una soluci\u00f3n pol\u00edtica y un cese de las hostilidades.<\/p>\n<p>Lavrov dijo al inicio de su reuni\u00f3n con su hom\u00f3logo iran\u00ed, Mohammad Javad Zarif, en Mosc\u00fa: &#8220;Rusia e Ir\u00e1n est\u00e1n cooperando desde mucho tiempo en la lucha contra el terrorismo internacional en todas sus formas y sobre todo en Siria y esto est\u00e1 sucediendo en paralelo con nuestros esfuerzos para detener las operaciones de combate y con los esfuerzos para organizar el proceso pol\u00edtico&#8221; .<\/p>\n<p>Lavrov dijo que &#8220;despu\u00e9s de la reuni\u00f3n bilateral con su hom\u00f3logo iran\u00ed se discutir\u00e1 la situaci\u00f3n en esta direcci\u00f3n, as\u00ed como los pr\u00f3ximos pasos con la participaci\u00f3n del canciller sirio Walid Mouallem.&#8221;<\/p>\n<p>Lavrov se\u00f1al\u00f3 la posibilidad de discutir las relaciones bilaterales entre Rusia e Ir\u00e1n a base de los acuerdos conseguidos por los presidentes de Rusia, Vladimir Putin, y el iran\u00ed, Hassan Rowhani, en el contexto de la visita del presidente iran\u00ed a Mosc\u00fa y en el contexto de las llamadas telef\u00f3nicas, y se intercambiar\u00e1n puntos de vista sobre la cooperaci\u00f3n entre ambos pa\u00edses en el Consejo de Seguridad de la ONU y la cooperaci\u00f3n sobre el problema del Mar Caspio y los asuntos de Afganist\u00e1n, adem\u00e1s de cuestiones urgentes.<\/p>\n<p>&nbsp;<\/p>\n<p>&nbsp;<\/p>\n<p>M\/Miri<\/p>\n","protected":false},"excerpt":{"rendered":"<p>Mosc\u00fa, SANA&#8211; El canciller ruso, Sergei Lavrov, confirm\u00f3 que Rusia e Ir\u00e1n est\u00e1n cooperando desde hace mucho tiempo en la lucha contra el terrorismo internacional, en particular en Siria, y esto ocurre en paralelo con los esfuerzos para alcanzar una soluci\u00f3n pol\u00edtica y un cese de las hostilidades. Lavrov dijo al inicio de su reuni\u00f3n &hellip;<\/p>\n","protected":false},"author":1,"featured_media":63603,"comment_status":"closed","ping_status":"closed","sticky":false,"template":"","format":"standard","meta":{"footnotes":""},"categories":[597,467,7541],"tags":[10198],"class_list":["post-63602","post","type-post","status-publish","format-standard","has-post-thumbnail","","category-cinta-de-noticias","category-siria-y-el-mundo","category-ultimas-noticias","tag-lavrov-se-reune-con-su-homologo-irani-zarif-en-moscu"],"_links":{"self":[{"href":"https:\/\/archive.sana.sy\/es\/index.php?rest_route=\/wp\/v2\/posts\/63602"}],"collection":[{"href":"https:\/\/archive.sana.sy\/es\/index.php?rest_route=\/wp\/v2\/posts"}],"about":[{"href":"https:\/\/archive.sana.sy\/es\/index.php?rest_route=\/wp\/v2\/types\/post"}],"author":[{"embeddable":true,"href":"https:\/\/archive.sana.sy\/es\/index.php?rest_route=\/wp\/v2\/users\/1"}],"replies":[{"embeddable":true,"href":"https:\/\/archive.sana.sy\/es\/index.php?rest_route=%2Fwp%2Fv2%2Fcomments&post=63602"}],"version-history":[{"count":0,"href":"https:\/\/archive.sana.sy\/es\/index.php?rest_route=\/wp\/v2\/posts\/63602\/revisions"}],"wp:featuredmedia":[{"embeddable":true,"href":"https:\/\/archive.sana.sy\/es\/index.php?rest_route=\/wp\/v2\/media\/63603"}],"wp:attachment":[{"href":"https:\/\/archive.sana.sy\/es\/index.php?rest_route=%2Fwp%2Fv2%2Fmedia&parent=63602"}],"wp:term":[{"taxonomy":"category","embeddable":true,"href":"https:\/\/archive.sana.sy\/es\/index.php?rest_route=%2Fwp%2Fv2%2Fcategories&post=63602"},{"taxonomy":"post_tag","embeddable":true,"href":"https:\/\/archive.sana.sy\/es\/index.php?rest_route=%2Fwp%2Fv2%2Ftags&post=63602"}],"curies":[{"name":"wp","href":"https:\/\/api.w.org\/{rel}","templated":true}]}}