{"id":63851,"date":"2017-04-20T16:41:31","date_gmt":"2017-04-20T13:41:31","guid":{"rendered":"http:\/\/www.sana.sy\/es\/?p=63851"},"modified":"2017-04-20T16:41:31","modified_gmt":"2017-04-20T13:41:31","slug":"lavrov-el-supuesto-ataque-quimico-en-idleb-fue-una-provocacion","status":"publish","type":"post","link":"https:\/\/archive.sana.sy\/es\/?p=63851","title":{"rendered":"Lavrov: el supuesto ataque qu\u00edmico en Idleb fue una &#8220;provocaci\u00f3n&#8221;"},"content":{"rendered":"<p><span style=\"color: #800000\">Mosc\u00fa, SANA<\/span><\/p>\n<p>El ministro de Exteriores de Rusia, Sergu\u00e9i Lavrov, reiter\u00f3 ayer que el supuesto ataque qu\u00edmico en Siria fue una provocaci\u00f3n.<\/p>\n<p>En una conversaci\u00f3n telef\u00f3nica con su hom\u00f3logo franc\u00e9s, Jean-Marc Ayrault, Lavrov volvi\u00f3 a destacar que Rusia considera el incidente del 4 de abril con el uso de armas qu\u00edmicas en Khan Shaikhun, una provocaci\u00f3n encaminada a socavar el r\u00e9gimen del cese de los combates y el proceso pol\u00edtico en Siria.<\/p>\n<p>El jefe de la diplomacia rusa expres\u00f3 su preocupaci\u00f3n por &#8220;las posteriores acciones precipitadas y agresivas de EEUU, que realiz\u00f3 un ataque de misiles contra el territorio de un Estado miembro de la ONU&#8221;.<\/p>\n<p>Asimismo, insisti\u00f3 en una investigaci\u00f3n objetiva e independiente de lo sucedido en Khan Shaikhun .<\/p>\n<p>&nbsp;<\/p>\n<p>Fady M., Lynn A.<\/p>\n","protected":false},"excerpt":{"rendered":"<p>Mosc\u00fa, SANA El ministro de Exteriores de Rusia, Sergu\u00e9i Lavrov, reiter\u00f3 ayer que el supuesto ataque qu\u00edmico en Siria fue una provocaci\u00f3n. En una conversaci\u00f3n telef\u00f3nica con su hom\u00f3logo franc\u00e9s, Jean-Marc Ayrault, Lavrov volvi\u00f3 a destacar que Rusia considera el incidente del 4 de abril con el uso de armas qu\u00edmicas en Khan Shaikhun, una &hellip;<\/p>\n","protected":false},"author":24,"featured_media":60039,"comment_status":"closed","ping_status":"closed","sticky":false,"template":"","format":"standard","meta":{"footnotes":""},"categories":[597,467,7541],"tags":[],"class_list":["post-63851","post","type-post","status-publish","format-standard","has-post-thumbnail","","category-cinta-de-noticias","category-siria-y-el-mundo","category-ultimas-noticias"],"_links":{"self":[{"href":"https:\/\/archive.sana.sy\/es\/index.php?rest_route=\/wp\/v2\/posts\/63851"}],"collection":[{"href":"https:\/\/archive.sana.sy\/es\/index.php?rest_route=\/wp\/v2\/posts"}],"about":[{"href":"https:\/\/archive.sana.sy\/es\/index.php?rest_route=\/wp\/v2\/types\/post"}],"author":[{"embeddable":true,"href":"https:\/\/archive.sana.sy\/es\/index.php?rest_route=\/wp\/v2\/users\/24"}],"replies":[{"embeddable":true,"href":"https:\/\/archive.sana.sy\/es\/index.php?rest_route=%2Fwp%2Fv2%2Fcomments&post=63851"}],"version-history":[{"count":0,"href":"https:\/\/archive.sana.sy\/es\/index.php?rest_route=\/wp\/v2\/posts\/63851\/revisions"}],"wp:featuredmedia":[{"embeddable":true,"href":"https:\/\/archive.sana.sy\/es\/index.php?rest_route=\/wp\/v2\/media\/60039"}],"wp:attachment":[{"href":"https:\/\/archive.sana.sy\/es\/index.php?rest_route=%2Fwp%2Fv2%2Fmedia&parent=63851"}],"wp:term":[{"taxonomy":"category","embeddable":true,"href":"https:\/\/archive.sana.sy\/es\/index.php?rest_route=%2Fwp%2Fv2%2Fcategories&post=63851"},{"taxonomy":"post_tag","embeddable":true,"href":"https:\/\/archive.sana.sy\/es\/index.php?rest_route=%2Fwp%2Fv2%2Ftags&post=63851"}],"curies":[{"name":"wp","href":"https:\/\/api.w.org\/{rel}","templated":true}]}}