{"id":63861,"date":"2017-04-20T16:52:32","date_gmt":"2017-04-20T13:52:32","guid":{"rendered":"http:\/\/www.sana.sy\/es\/?p=63861"},"modified":"2017-04-20T16:52:32","modified_gmt":"2017-04-20T13:52:32","slug":"moscu-inaccion-de-la-opaq-en-supuesto-ataque-quimico-en-siria-danaria-la-credibilidad-de-ese-organismo","status":"publish","type":"post","link":"https:\/\/archive.sana.sy\/es\/?p=63861","title":{"rendered":"Mosc\u00fa: inacci\u00f3n de la OPAQ en supuesto ataque qu\u00edmico en Siria da\u00f1ar\u00eda la credibilidad de ese organismo"},"content":{"rendered":"<p><span style=\"color: #800000\">La Haya, SANA<\/span><\/p>\n<p>El jefe del Departamento de No Proliferaci\u00f3n y Control de Armas de la Canciller\u00eda rusa, Mija\u00edl Uli\u00e1nov, declar\u00f3 que la inacci\u00f3n de la Organizaci\u00f3n para la Prohibici\u00f3n de las Armas Qu\u00edmicas en el incidente qu\u00edmico en la ciudad siria de Khan Shaikhun podr\u00eda deteriorar seriamente el prestigio de esta organizaci\u00f3n.<\/p>\n<p>En una sesi\u00f3n extraordinaria del Consejo Ejecutivo de la OPAQ celebrada en La Haya, Uli\u00e1nov dijo que &#8220;la ulterior inacci\u00f3n podr\u00eda causar graves da\u00f1os a la credibilidad de esa organizaci\u00f3n, que gan\u00f3 el Premio Nobel justo por su contribuci\u00f3n al desarme qu\u00edmico en Siria&#8221;.<\/p>\n<p>De acuerdo con Uli\u00e1nov, los primeros informes sobre el incidente en Siria comenzaron a circular hace dos semanas, sin embargo &#8220;hasta ahora no se ha emprendido ninguna acci\u00f3n seria para investigar&#8221; lo ocurrido.<\/p>\n<p>El diplom\u00e1tico record\u00f3 que EEUU no solo &#8220;design\u00f3&#8221; culpable al Gobierno sirio, sino que tambi\u00e9n lo &#8220;castig\u00f3&#8221; bombardeando una base a\u00e9rea del Ej\u00e9rcito sin contar con los resultados de la investigaci\u00f3n.<\/p>\n<p>Subray\u00f3 que el objetivo de esta acci\u00f3n ilegal fue demostrar la fuerza e intimidar, y no destruir las armas qu\u00edmicas, cuya presencia en Siria no fue comprobada&#8221;.<br \/>\nFady M., Lynn A.<\/p>\n","protected":false},"excerpt":{"rendered":"<p>La Haya, SANA El jefe del Departamento de No Proliferaci\u00f3n y Control de Armas de la Canciller\u00eda rusa, Mija\u00edl Uli\u00e1nov, declar\u00f3 que la inacci\u00f3n de la Organizaci\u00f3n para la Prohibici\u00f3n de las Armas Qu\u00edmicas en el incidente qu\u00edmico en la ciudad siria de Khan Shaikhun podr\u00eda deteriorar seriamente el prestigio de esta organizaci\u00f3n. En una &hellip;<\/p>\n","protected":false},"author":24,"featured_media":55151,"comment_status":"closed","ping_status":"closed","sticky":false,"template":"","format":"standard","meta":{"footnotes":""},"categories":[597,467,7541],"tags":[],"class_list":["post-63861","post","type-post","status-publish","format-standard","has-post-thumbnail","","category-cinta-de-noticias","category-siria-y-el-mundo","category-ultimas-noticias"],"_links":{"self":[{"href":"https:\/\/archive.sana.sy\/es\/index.php?rest_route=\/wp\/v2\/posts\/63861"}],"collection":[{"href":"https:\/\/archive.sana.sy\/es\/index.php?rest_route=\/wp\/v2\/posts"}],"about":[{"href":"https:\/\/archive.sana.sy\/es\/index.php?rest_route=\/wp\/v2\/types\/post"}],"author":[{"embeddable":true,"href":"https:\/\/archive.sana.sy\/es\/index.php?rest_route=\/wp\/v2\/users\/24"}],"replies":[{"embeddable":true,"href":"https:\/\/archive.sana.sy\/es\/index.php?rest_route=%2Fwp%2Fv2%2Fcomments&post=63861"}],"version-history":[{"count":0,"href":"https:\/\/archive.sana.sy\/es\/index.php?rest_route=\/wp\/v2\/posts\/63861\/revisions"}],"wp:featuredmedia":[{"embeddable":true,"href":"https:\/\/archive.sana.sy\/es\/index.php?rest_route=\/wp\/v2\/media\/55151"}],"wp:attachment":[{"href":"https:\/\/archive.sana.sy\/es\/index.php?rest_route=%2Fwp%2Fv2%2Fmedia&parent=63861"}],"wp:term":[{"taxonomy":"category","embeddable":true,"href":"https:\/\/archive.sana.sy\/es\/index.php?rest_route=%2Fwp%2Fv2%2Fcategories&post=63861"},{"taxonomy":"post_tag","embeddable":true,"href":"https:\/\/archive.sana.sy\/es\/index.php?rest_route=%2Fwp%2Fv2%2Ftags&post=63861"}],"curies":[{"name":"wp","href":"https:\/\/api.w.org\/{rel}","templated":true}]}}