{"id":63869,"date":"2017-04-20T19:55:35","date_gmt":"2017-04-20T16:55:35","guid":{"rendered":"http:\/\/www.sana.sy\/es\/?p=63869"},"modified":"2017-04-20T20:02:10","modified_gmt":"2017-04-20T17:02:10","slug":"shaaban-los-paises-que-alegan-preocuparse-por-el-pueblo-sirio-no-condenaron-la-caia-de-mas-de-200-martires-de-los-vecinos-de-kafarya-y-al-foa","status":"publish","type":"post","link":"https:\/\/archive.sana.sy\/es\/?p=63869","title":{"rendered":"Shaaban: los pa\u00edses que alegan preocuparse por el pueblo sirio no condenaron la ca\u00edda de m\u00e1s de 200 m\u00e1rtires de los vecinos de Kafarya y al-Foa"},"content":{"rendered":"<p><span style=\"color: #800000\">Damasco, SANA<\/span><\/p>\n<p>La Consejera Pol\u00edtica y de Prensa de la Presidencia de la Rep\u00fablica \u00c1rabe Siria, Bozaina Shaaban, fustig\u00f3\u00a0que los pa\u00edses que alegan preocuparse por el pueblo sirio no condenaron la ca\u00edda de m\u00e1s de 200 personas y el secuestro de al menos otras 200 de los vecinos de Kafraya y al-Foa en la zona de al-Rashidin al oeste de Alepo.<\/p>\n<p>Shaaban hizo estas declaraciones durante un encuentro con una delegaci\u00f3n medi\u00e1tica occidental que incluye a intelectuales, investigadores y activistas de EEUU, Reino Unido, Noruega, Alemania y Australia.<\/p>\n<p>La alta funcionaria siria aludi\u00f3 al cambio en las posturas de Occidente, precisando\u00a0que la mayor\u00eda de los informes que desmintieron las acusaciones lanzadas contra el gobierno sirio de haber usado supuestamente la arma qu\u00edmica en Khan Shaykhun en Idleb, son informes preparados en EEUU, Alemania y Europa.<\/p>\n<p>Asimismo aclar\u00f3 la necesidad de usar los t\u00e9rminos precisos para rectificar la falsa imagen que recibe la opini\u00f3n p\u00fablica occidental sobre los acontecimientos en Siria, por ejemplo al terrorista hay que llamar \u201cterrorista\u201d y no \u201crebelde\u201d.<\/p>\n<p>Consider\u00f3 que lo que est\u00e1 ocurriendo en la regi\u00f3n tiene por objetivo sembrar el caos y servir los intereses del ente sionista que apoya a los grupos terroristas.<\/p>\n<p>Asever\u00f3 que nadie puede imponer dict\u00e1menes a Siria que vencer\u00e1 pronto al terrorismo.<\/p>\n<p>&nbsp;<\/p>\n<p>&nbsp;<\/p>\n<p>Lynn A.<\/p>\n","protected":false},"excerpt":{"rendered":"<p>Damasco, SANA La Consejera Pol\u00edtica y de Prensa de la Presidencia de la Rep\u00fablica \u00c1rabe Siria, Bozaina Shaaban, fustig\u00f3\u00a0que los pa\u00edses que alegan preocuparse por el pueblo sirio no condenaron la ca\u00edda de m\u00e1s de 200 personas y el secuestro de al menos otras 200 de los vecinos de Kafraya y al-Foa en la zona &hellip;<\/p>\n","protected":false},"author":24,"featured_media":63870,"comment_status":"closed","ping_status":"closed","sticky":false,"template":"","format":"standard","meta":{"footnotes":""},"categories":[597,476,7541],"tags":[],"class_list":["post-63869","post","type-post","status-publish","format-standard","has-post-thumbnail","","category-cinta-de-noticias","category-locales","category-ultimas-noticias"],"_links":{"self":[{"href":"https:\/\/archive.sana.sy\/es\/index.php?rest_route=\/wp\/v2\/posts\/63869"}],"collection":[{"href":"https:\/\/archive.sana.sy\/es\/index.php?rest_route=\/wp\/v2\/posts"}],"about":[{"href":"https:\/\/archive.sana.sy\/es\/index.php?rest_route=\/wp\/v2\/types\/post"}],"author":[{"embeddable":true,"href":"https:\/\/archive.sana.sy\/es\/index.php?rest_route=\/wp\/v2\/users\/24"}],"replies":[{"embeddable":true,"href":"https:\/\/archive.sana.sy\/es\/index.php?rest_route=%2Fwp%2Fv2%2Fcomments&post=63869"}],"version-history":[{"count":0,"href":"https:\/\/archive.sana.sy\/es\/index.php?rest_route=\/wp\/v2\/posts\/63869\/revisions"}],"wp:featuredmedia":[{"embeddable":true,"href":"https:\/\/archive.sana.sy\/es\/index.php?rest_route=\/wp\/v2\/media\/63870"}],"wp:attachment":[{"href":"https:\/\/archive.sana.sy\/es\/index.php?rest_route=%2Fwp%2Fv2%2Fmedia&parent=63869"}],"wp:term":[{"taxonomy":"category","embeddable":true,"href":"https:\/\/archive.sana.sy\/es\/index.php?rest_route=%2Fwp%2Fv2%2Fcategories&post=63869"},{"taxonomy":"post_tag","embeddable":true,"href":"https:\/\/archive.sana.sy\/es\/index.php?rest_route=%2Fwp%2Fv2%2Ftags&post=63869"}],"curies":[{"name":"wp","href":"https:\/\/api.w.org\/{rel}","templated":true}]}}