{"id":63873,"date":"2017-04-20T15:21:40","date_gmt":"2017-04-20T12:21:40","guid":{"rendered":"http:\/\/www.sana.sy\/es\/?p=63873"},"modified":"2017-04-20T20:23:50","modified_gmt":"2017-04-20T17:23:50","slug":"de-mistura-la-reunion-trilateral-entre-rusia-eeuu-y-la-onu-ha-sido-aplazada-y-no-cancelada","status":"publish","type":"post","link":"https:\/\/archive.sana.sy\/es\/?p=63873","title":{"rendered":"De Mistura: la reuni\u00f3n trilateral entre Rusia, EEUU y la ONU ha sido aplazada y no cancelada"},"content":{"rendered":"<p><span style=\"color: #800000\">Ginebra, SANA<\/span><\/p>\n<p>El enviado especial de la ONU para Siria, Staffan de Mistura, que la reuni\u00f3n de los expertos de los pa\u00edses garantes de las conversaciones de Astana, Ir\u00e1n, Turqu\u00eda y Rusia, que se celebr\u00f3 en Teher\u00e1n funcion\u00f3 de forma eficaz para consolidar el acuerdo de cese de acciones de combate y para preparar al pr\u00f3ximo encuentro de Astana.<\/p>\n<p>En una rueda de prensa celebrada este jueves, de Mistura precis\u00f3 que la reuni\u00f3n de Teher\u00e1n no tuvo car\u00e1cter pol\u00edtico, sino fue\u00a0una reuni\u00f3n a nivel de expertos militares destinada\u00a0a reforzar el alto el fuego y preparar para la pr\u00f3xima reuni\u00f3n de Astana.<\/p>\n<p>En dicha reuni\u00f3n hubo una movilizaci\u00f3n respecto al asunto de los asediados y retenidos, y de la desactivaci\u00f3n de minas, se\u00f1al\u00f3.<\/p>\n<p>De Mistura revel\u00f3 que el encuentro trilateral entre Rusia, EEUU y la ONU \u201cha sido aplazado y no cancelado\u201d, a\u00f1adiendo que \u00e9l se reunir\u00e1 con el vicecanciller ruso el pr\u00f3ximo lunes.<\/p>\n<p>&nbsp;<br \/>\nLynn A.<\/p>\n","protected":false},"excerpt":{"rendered":"<p>Ginebra, SANA El enviado especial de la ONU para Siria, Staffan de Mistura, que la reuni\u00f3n de los expertos de los pa\u00edses garantes de las conversaciones de Astana, Ir\u00e1n, Turqu\u00eda y Rusia, que se celebr\u00f3 en Teher\u00e1n funcion\u00f3 de forma eficaz para consolidar el acuerdo de cese de acciones de combate y para preparar al &hellip;<\/p>\n","protected":false},"author":24,"featured_media":63874,"comment_status":"closed","ping_status":"closed","sticky":false,"template":"","format":"standard","meta":{"footnotes":""},"categories":[597,467,7541],"tags":[],"class_list":["post-63873","post","type-post","status-publish","format-standard","has-post-thumbnail","","category-cinta-de-noticias","category-siria-y-el-mundo","category-ultimas-noticias"],"_links":{"self":[{"href":"https:\/\/archive.sana.sy\/es\/index.php?rest_route=\/wp\/v2\/posts\/63873"}],"collection":[{"href":"https:\/\/archive.sana.sy\/es\/index.php?rest_route=\/wp\/v2\/posts"}],"about":[{"href":"https:\/\/archive.sana.sy\/es\/index.php?rest_route=\/wp\/v2\/types\/post"}],"author":[{"embeddable":true,"href":"https:\/\/archive.sana.sy\/es\/index.php?rest_route=\/wp\/v2\/users\/24"}],"replies":[{"embeddable":true,"href":"https:\/\/archive.sana.sy\/es\/index.php?rest_route=%2Fwp%2Fv2%2Fcomments&post=63873"}],"version-history":[{"count":0,"href":"https:\/\/archive.sana.sy\/es\/index.php?rest_route=\/wp\/v2\/posts\/63873\/revisions"}],"wp:featuredmedia":[{"embeddable":true,"href":"https:\/\/archive.sana.sy\/es\/index.php?rest_route=\/wp\/v2\/media\/63874"}],"wp:attachment":[{"href":"https:\/\/archive.sana.sy\/es\/index.php?rest_route=%2Fwp%2Fv2%2Fmedia&parent=63873"}],"wp:term":[{"taxonomy":"category","embeddable":true,"href":"https:\/\/archive.sana.sy\/es\/index.php?rest_route=%2Fwp%2Fv2%2Fcategories&post=63873"},{"taxonomy":"post_tag","embeddable":true,"href":"https:\/\/archive.sana.sy\/es\/index.php?rest_route=%2Fwp%2Fv2%2Ftags&post=63873"}],"curies":[{"name":"wp","href":"https:\/\/api.w.org\/{rel}","templated":true}]}}