{"id":64705,"date":"2017-05-11T17:31:38","date_gmt":"2017-05-11T14:31:38","guid":{"rendered":"http:\/\/www.sana.sy\/es\/?p=64705"},"modified":"2017-05-11T17:31:38","modified_gmt":"2017-05-11T14:31:38","slug":"ultimo-grupo-de-armados-sale-del-distrito-waer-el-dia-20-del-mes-en-curso","status":"publish","type":"post","link":"https:\/\/archive.sana.sy\/es\/?p=64705","title":{"rendered":"\u00daltimo grupo de armados sale del distrito Waer el d\u00eda 20 del mes en curso"},"content":{"rendered":"<p><span style=\"color: #800000\">Homs, SANA<\/span><\/p>\n<p>Se complet\u00f3 en la madrugada de este jueves, la salida del noveno grupo de armados y algunos de sus familias del distrito Waer de la ciudad de Homs.<\/p>\n<p>El proceso de evacuaci\u00f3n de los armados lo lleva a cabo la Gobernaci\u00f3n de Homs en cooperaci\u00f3n con la Media Luna Roja \u00c1rabe Siria y la Polic\u00eda Militar rusa.<\/p>\n<p>El gobernador de Homs, Talal Barazi, dijo que unos 260 armados y 1372 miembros de sus familias fueron evacuados en 41 autobuses con destino hacia localidad de Yarablus al nordeste de la ciudad de Alepo.<\/p>\n<p>El gobernador hizo alusi\u00f3n a la disminuci\u00f3n del n\u00famero de personas que quieren salir de la zona despu\u00e9s de la vuelta de cientos de personas al barrio.<\/p>\n<p>Barazi hab\u00eda revelado que &#8220;la evacuaci\u00f3n del \u00faltimo grupo de armados debe cumplirse antes del pr\u00f3ximo d\u00eda 20 de Mayo, y entonces se declarar\u00e1 el distrito como libre de las armas y de los armados y volver\u00e1n todas las instituciones del Estado al distrito y los talleres para reparar la infraestructura.<\/p>\n<p>El acuerdo de reconciliaci\u00f3n en Waer incluye indultar a los armados que se entregan a las autoridades competentes y la salida de aquellos armados que rechazaron la reconciliaci\u00f3n hacia Idleb o el norte de Alepo, dentro de un plazo m\u00e1ximo de 8 semanas.<\/p>\n<p>&nbsp;<\/p>\n<p>Fady M., Lynn A.<\/p>\n","protected":false},"excerpt":{"rendered":"<p>Homs, SANA Se complet\u00f3 en la madrugada de este jueves, la salida del noveno grupo de armados y algunos de sus familias del distrito Waer de la ciudad de Homs. El proceso de evacuaci\u00f3n de los armados lo lleva a cabo la Gobernaci\u00f3n de Homs en cooperaci\u00f3n con la Media Luna Roja \u00c1rabe Siria y &hellip;<\/p>\n","protected":false},"author":24,"featured_media":64706,"comment_status":"closed","ping_status":"closed","sticky":false,"template":"","format":"standard","meta":{"footnotes":""},"categories":[597,476,583,7541],"tags":[],"class_list":["post-64705","post","type-post","status-publish","format-standard","has-post-thumbnail","","category-cinta-de-noticias","category-locales","category-slide","category-ultimas-noticias"],"_links":{"self":[{"href":"https:\/\/archive.sana.sy\/es\/index.php?rest_route=\/wp\/v2\/posts\/64705"}],"collection":[{"href":"https:\/\/archive.sana.sy\/es\/index.php?rest_route=\/wp\/v2\/posts"}],"about":[{"href":"https:\/\/archive.sana.sy\/es\/index.php?rest_route=\/wp\/v2\/types\/post"}],"author":[{"embeddable":true,"href":"https:\/\/archive.sana.sy\/es\/index.php?rest_route=\/wp\/v2\/users\/24"}],"replies":[{"embeddable":true,"href":"https:\/\/archive.sana.sy\/es\/index.php?rest_route=%2Fwp%2Fv2%2Fcomments&post=64705"}],"version-history":[{"count":0,"href":"https:\/\/archive.sana.sy\/es\/index.php?rest_route=\/wp\/v2\/posts\/64705\/revisions"}],"wp:featuredmedia":[{"embeddable":true,"href":"https:\/\/archive.sana.sy\/es\/index.php?rest_route=\/wp\/v2\/media\/64706"}],"wp:attachment":[{"href":"https:\/\/archive.sana.sy\/es\/index.php?rest_route=%2Fwp%2Fv2%2Fmedia&parent=64705"}],"wp:term":[{"taxonomy":"category","embeddable":true,"href":"https:\/\/archive.sana.sy\/es\/index.php?rest_route=%2Fwp%2Fv2%2Fcategories&post=64705"},{"taxonomy":"post_tag","embeddable":true,"href":"https:\/\/archive.sana.sy\/es\/index.php?rest_route=%2Fwp%2Fv2%2Ftags&post=64705"}],"curies":[{"name":"wp","href":"https:\/\/api.w.org\/{rel}","templated":true}]}}