{"id":64708,"date":"2017-05-11T17:33:25","date_gmt":"2017-05-11T14:33:25","guid":{"rendered":"http:\/\/www.sana.sy\/es\/?p=64708"},"modified":"2017-05-11T17:33:25","modified_gmt":"2017-05-11T14:33:25","slug":"de-mistura-la-proxima-ronda-de-las-conversaciones-de-ginebra-sera-corta","status":"publish","type":"post","link":"https:\/\/archive.sana.sy\/es\/?p=64708","title":{"rendered":"De Mistura: la pr\u00f3xima ronda de las conversaciones de Ginebra ser\u00e1 corta"},"content":{"rendered":"<p><span style=\"color: #800000\">Ginebra, SANA<\/span><\/p>\n<p>El enviado especial de la ONU para Siria, Staffan de Mistura, anunci\u00f3 que la sexta ronda de las conversaciones intersirias que iniciar\u00e1 el 16 del presente mes de mayo ser\u00e1 \u201cbreve\u201d para poder aprovechar de los resultados intensos logrados en el \u00faltimo encuentro de Astana.<\/p>\n<p>\u201cQueremos apoyarse en los resultados de los \u00faltimos acuerdos de Astana durante\u00a0la nueva ronda de las pr\u00f3ximas conversaciones de Ginebra\u201d, resalt\u00f3.<\/p>\n<p>La quinta ronda del di\u00e1logo sirio-sirio en Ginebra termin\u00f3 el 31 del pasado mes de marzo, en\u00a0el cual la delegaci\u00f3n de la Rep\u00fablica \u00c1rabe Siria present\u00f3 varios documentos a lo largo de ocho d\u00edas, relacionados con la lucha contra el terrorismo y los principios generales de la soluci\u00f3n pol\u00edtica en Siria. Sin embargo ninguna de las plataformas opositores participantes respondieron a los documentos planteados.<\/p>\n<p>&nbsp;<\/p>\n<p>Lynn A.<\/p>\n","protected":false},"excerpt":{"rendered":"<p>Ginebra, SANA El enviado especial de la ONU para Siria, Staffan de Mistura, anunci\u00f3 que la sexta ronda de las conversaciones intersirias que iniciar\u00e1 el 16 del presente mes de mayo ser\u00e1 \u201cbreve\u201d para poder aprovechar de los resultados intensos logrados en el \u00faltimo encuentro de Astana. \u201cQueremos apoyarse en los resultados de los \u00faltimos &hellip;<\/p>\n","protected":false},"author":24,"featured_media":47564,"comment_status":"closed","ping_status":"closed","sticky":false,"template":"","format":"standard","meta":{"footnotes":""},"categories":[597,467,7541],"tags":[],"class_list":["post-64708","post","type-post","status-publish","format-standard","has-post-thumbnail","","category-cinta-de-noticias","category-siria-y-el-mundo","category-ultimas-noticias"],"_links":{"self":[{"href":"https:\/\/archive.sana.sy\/es\/index.php?rest_route=\/wp\/v2\/posts\/64708"}],"collection":[{"href":"https:\/\/archive.sana.sy\/es\/index.php?rest_route=\/wp\/v2\/posts"}],"about":[{"href":"https:\/\/archive.sana.sy\/es\/index.php?rest_route=\/wp\/v2\/types\/post"}],"author":[{"embeddable":true,"href":"https:\/\/archive.sana.sy\/es\/index.php?rest_route=\/wp\/v2\/users\/24"}],"replies":[{"embeddable":true,"href":"https:\/\/archive.sana.sy\/es\/index.php?rest_route=%2Fwp%2Fv2%2Fcomments&post=64708"}],"version-history":[{"count":0,"href":"https:\/\/archive.sana.sy\/es\/index.php?rest_route=\/wp\/v2\/posts\/64708\/revisions"}],"wp:featuredmedia":[{"embeddable":true,"href":"https:\/\/archive.sana.sy\/es\/index.php?rest_route=\/wp\/v2\/media\/47564"}],"wp:attachment":[{"href":"https:\/\/archive.sana.sy\/es\/index.php?rest_route=%2Fwp%2Fv2%2Fmedia&parent=64708"}],"wp:term":[{"taxonomy":"category","embeddable":true,"href":"https:\/\/archive.sana.sy\/es\/index.php?rest_route=%2Fwp%2Fv2%2Fcategories&post=64708"},{"taxonomy":"post_tag","embeddable":true,"href":"https:\/\/archive.sana.sy\/es\/index.php?rest_route=%2Fwp%2Fv2%2Ftags&post=64708"}],"curies":[{"name":"wp","href":"https:\/\/api.w.org\/{rel}","templated":true}]}}