{"id":64736,"date":"2017-05-12T15:09:58","date_gmt":"2017-05-12T12:09:58","guid":{"rendered":"http:\/\/www.sana.sy\/es\/?p=64736"},"modified":"2017-05-12T15:57:24","modified_gmt":"2017-05-12T12:57:24","slug":"el-segundo-grupo-de-armados-abandona-el-barrio-de-barzen-en-damasco","status":"publish","type":"post","link":"https:\/\/archive.sana.sy\/es\/?p=64736","title":{"rendered":"El segundo grupo de armados abandona el barrio de Barzen en Damasco"},"content":{"rendered":"<p><span style=\"color: #800000\">Damasco, SANA<\/span>\u2013 Una segunda tanda de militantes y algunos de sus familiares abandon\u00f3 el barrio de Barze, en la ciudad de Damasco, para dirigirse hacia el norte del pa\u00eds en el marco del proceso de la reconciliaci\u00f3n nacional llevado a cabo en los barrios de Barzeh y Teshrin.<\/p>\n<p>Durante la jornada de hoy, unas 1246 personas abandonaron Barzeh, de las que aproximadamente 718 eran militantes que salieron con sus armas ligeras, declar\u00f3\u00a0\u00a0el Gobernador de Damasco.<\/p>\n<p>El primer grupo de militantes junto con familiares suyos sali\u00f3 del barrio de Barzeh el lunes pasado.<\/p>\n<p>La fuente agreg\u00f3 que el proceso de evacuaci\u00f3n de los militantes y sus familias continuar\u00e1 en los pr\u00f3ximos d\u00edas hasta que el barrio est\u00e9 totalmente libre de todas las manifestaciones armadas, mientras que el estatus jur\u00eddico del resto de los que optaron por quedarse en el barrio ser\u00e1 normalizado de conformidad con el Decreto de Amnist\u00eda N-15 del 2016, agreg\u00f3 la fuente.<\/p>\n<p>&nbsp;<\/p>\n<p>&nbsp;<\/p>\n<p>M\/Miri<\/p>\n","protected":false},"excerpt":{"rendered":"<p>Damasco, SANA\u2013 Una segunda tanda de militantes y algunos de sus familiares abandon\u00f3 el barrio de Barze, en la ciudad de Damasco, para dirigirse hacia el norte del pa\u00eds en el marco del proceso de la reconciliaci\u00f3n nacional llevado a cabo en los barrios de Barzeh y Teshrin. Durante la jornada de hoy, unas 1246 &hellip;<\/p>\n","protected":false},"author":1,"featured_media":64737,"comment_status":"closed","ping_status":"closed","sticky":false,"template":"","format":"standard","meta":{"footnotes":""},"categories":[477,597,476,583,7541],"tags":[10288],"class_list":["post-64736","post","type-post","status-publish","format-standard","has-post-thumbnail","","category-noticias-edulcorantes","category-cinta-de-noticias","category-locales","category-slide","category-ultimas-noticias","tag-el-segundo-grupo-de-armados-abandona-el-barrio-de-barzen-en-damasco"],"_links":{"self":[{"href":"https:\/\/archive.sana.sy\/es\/index.php?rest_route=\/wp\/v2\/posts\/64736"}],"collection":[{"href":"https:\/\/archive.sana.sy\/es\/index.php?rest_route=\/wp\/v2\/posts"}],"about":[{"href":"https:\/\/archive.sana.sy\/es\/index.php?rest_route=\/wp\/v2\/types\/post"}],"author":[{"embeddable":true,"href":"https:\/\/archive.sana.sy\/es\/index.php?rest_route=\/wp\/v2\/users\/1"}],"replies":[{"embeddable":true,"href":"https:\/\/archive.sana.sy\/es\/index.php?rest_route=%2Fwp%2Fv2%2Fcomments&post=64736"}],"version-history":[{"count":0,"href":"https:\/\/archive.sana.sy\/es\/index.php?rest_route=\/wp\/v2\/posts\/64736\/revisions"}],"wp:featuredmedia":[{"embeddable":true,"href":"https:\/\/archive.sana.sy\/es\/index.php?rest_route=\/wp\/v2\/media\/64737"}],"wp:attachment":[{"href":"https:\/\/archive.sana.sy\/es\/index.php?rest_route=%2Fwp%2Fv2%2Fmedia&parent=64736"}],"wp:term":[{"taxonomy":"category","embeddable":true,"href":"https:\/\/archive.sana.sy\/es\/index.php?rest_route=%2Fwp%2Fv2%2Fcategories&post=64736"},{"taxonomy":"post_tag","embeddable":true,"href":"https:\/\/archive.sana.sy\/es\/index.php?rest_route=%2Fwp%2Fv2%2Ftags&post=64736"}],"curies":[{"name":"wp","href":"https:\/\/api.w.org\/{rel}","templated":true}]}}