{"id":64747,"date":"2017-05-12T16:21:37","date_gmt":"2017-05-12T13:21:37","guid":{"rendered":"http:\/\/www.sana.sy\/es\/?p=64747"},"modified":"2017-05-12T16:21:37","modified_gmt":"2017-05-12T13:21:37","slug":"rusia-no-descarta-la-participacion-de-eeuu-en-el-grupo-de-trabajo-sobre-las-zonas-de-distension-en-siria","status":"publish","type":"post","link":"https:\/\/archive.sana.sy\/es\/?p=64747","title":{"rendered":"Rusia no descarta la participaci\u00f3n de EEUU en el grupo de trabajo sobre las zonas de distensi\u00f3n en Siria"},"content":{"rendered":"<p><span style=\"color: #800000\">Mosc\u00fa, SANA<\/span>&#8211; El vicecanciller ruso Mija\u00edl Bogd\u00e1nov, declar\u00f3 que Rusia no descarta que EEUU participe en el grupo de trabajo sobre las zonas de distensi\u00f3n en Siria, agregando el tema est\u00e1 sujeto a debates.<\/p>\n<p>Seg\u00fan Bogdanov se est\u00e1n estableciendo los contactos, de ello se ocupan los tres pa\u00edses garantes del memorando sobre la Creaci\u00f3n de una Zona de Distensi\u00f3n en Siria (Rusia, Ir\u00e1n, Turqu\u00eda).<\/p>\n<p><em>&#8220;Creo que pueden incorporarse otros Estados, en particular los pa\u00edses observadores que participan en el proceso de Astan\u00e1 u otros pa\u00edses&#8230;. Estamos en contacto actualmente con EE.UU, nuestro ministro (de Exteriores) estuvo en Washington, y a otros niveles tenemos contacto con nuestros socios estadounidenses&#8221;, dijo Bogdanov en su declaraci\u00f3n a la agencia Sputnik.<\/em><\/p>\n<p>El viceministro de Exteriores ruso tambi\u00e9n anunci\u00f3 que todav\u00eda no ha sido tomada la decisi\u00f3n de quien ser\u00e1 el representante ruso durante las pr\u00f3ximas conversaciones sobre Siria en Ginebra.<\/p>\n<p><em>&#8221; Rusia tiene all\u00ed una gran representaci\u00f3n; pero todav\u00eda no se ha tomado la decisi\u00f3n sobre la composici\u00f3n de la delegaci\u00f3n que viajar\u00e1 desde Mosc\u00fa&#8221;, indic\u00f3.<\/em><\/p>\n<p>A principios de mayo, la capital kazaja de Astan\u00e1 acogi\u00f3 la cuarta ronda de consultas internacionales sobre Siria, donde fue firmado el Memorando sobre la Creaci\u00f3n de una Zona de Distensi\u00f3n en la Rep\u00fablica \u00c1rabe Siria.<\/p>\n<p>&nbsp;<br \/>\nM\/Miri<\/p>\n","protected":false},"excerpt":{"rendered":"<p>Mosc\u00fa, SANA&#8211; El vicecanciller ruso Mija\u00edl Bogd\u00e1nov, declar\u00f3 que Rusia no descarta que EEUU participe en el grupo de trabajo sobre las zonas de distensi\u00f3n en Siria, agregando el tema est\u00e1 sujeto a debates. Seg\u00fan Bogdanov se est\u00e1n estableciendo los contactos, de ello se ocupan los tres pa\u00edses garantes del memorando sobre la Creaci\u00f3n de &hellip;<\/p>\n","protected":false},"author":1,"featured_media":44039,"comment_status":"closed","ping_status":"closed","sticky":false,"template":"","format":"standard","meta":{"footnotes":""},"categories":[597,467,7541],"tags":[10290],"class_list":["post-64747","post","type-post","status-publish","format-standard","has-post-thumbnail","","category-cinta-de-noticias","category-siria-y-el-mundo","category-ultimas-noticias","tag-rusia-no-excluye-la-participacion-de-eeuu-en-el-grupo-de-trabajo-sobre-las-zonas-de-distension-en-siria"],"_links":{"self":[{"href":"https:\/\/archive.sana.sy\/es\/index.php?rest_route=\/wp\/v2\/posts\/64747"}],"collection":[{"href":"https:\/\/archive.sana.sy\/es\/index.php?rest_route=\/wp\/v2\/posts"}],"about":[{"href":"https:\/\/archive.sana.sy\/es\/index.php?rest_route=\/wp\/v2\/types\/post"}],"author":[{"embeddable":true,"href":"https:\/\/archive.sana.sy\/es\/index.php?rest_route=\/wp\/v2\/users\/1"}],"replies":[{"embeddable":true,"href":"https:\/\/archive.sana.sy\/es\/index.php?rest_route=%2Fwp%2Fv2%2Fcomments&post=64747"}],"version-history":[{"count":0,"href":"https:\/\/archive.sana.sy\/es\/index.php?rest_route=\/wp\/v2\/posts\/64747\/revisions"}],"wp:featuredmedia":[{"embeddable":true,"href":"https:\/\/archive.sana.sy\/es\/index.php?rest_route=\/wp\/v2\/media\/44039"}],"wp:attachment":[{"href":"https:\/\/archive.sana.sy\/es\/index.php?rest_route=%2Fwp%2Fv2%2Fmedia&parent=64747"}],"wp:term":[{"taxonomy":"category","embeddable":true,"href":"https:\/\/archive.sana.sy\/es\/index.php?rest_route=%2Fwp%2Fv2%2Fcategories&post=64747"},{"taxonomy":"post_tag","embeddable":true,"href":"https:\/\/archive.sana.sy\/es\/index.php?rest_route=%2Fwp%2Fv2%2Ftags&post=64747"}],"curies":[{"name":"wp","href":"https:\/\/api.w.org\/{rel}","templated":true}]}}