{"id":64749,"date":"2017-05-12T17:27:36","date_gmt":"2017-05-12T14:27:36","guid":{"rendered":"http:\/\/www.sana.sy\/es\/?p=64749"},"modified":"2017-05-12T17:27:36","modified_gmt":"2017-05-12T14:27:36","slug":"dos-camaras-y-un-reportero-de-al-alam-tv-y-al-manar-tv-resultan-heridos-en-el-campo-de-homs","status":"publish","type":"post","link":"https:\/\/archive.sana.sy\/es\/?p=64749","title":{"rendered":"Dos c\u00e1maras y un reportero de Al- Alam TV y Al- Manar TV resultan heridos en el campo de Homs"},"content":{"rendered":"<p><span style=\"color: #800000\">Homs, SANA<\/span>&#8211; El reportero, Saadallah Khalil y la c\u00e1mara Soumar Al Salama de la cadena iran\u00ed de televisi\u00f3n Al- Alam, adem\u00e1s del c\u00e1mara Mourhaf Mansour del canal de televisi\u00f3n Al- Manar, resultaron heridos mientras estaban cubriendo las operaciones del Ejercito \u00c1rabe Sirio en la campi\u00f1a este de la provincia de Homs.<\/p>\n<p>El reportero de SANA ha indicado que Khalil, Al Salama y Mansour han resultado heridos cuando estaban cubriendo las operaciones anti-terroristas llevadas a cabo por la Fuerzas Sirias contra feudos de efectivos del grupo terrorista Daesh en la zona monta\u00f1osa de Al Shuomariyah, a 60 km al este de la ciudad de Homs.<\/p>\n<p>El 15 del pasado mes de Marzo, el c\u00e1mara Ali Soulaiman, de la Televisi\u00f3n Estatal Siria cay\u00f3 m\u00e1rtir mientras cubr\u00eda las operaciones del Ej\u00e9rcito sirio contra la organizaci\u00f3n terrorista Daesh en el campo oriental de la provincia de Alepo.<\/p>\n<p>En el mismo contexto, el d\u00eda 22 del pasado mes de marzo el c\u00e1mara Maher Shams, de la Agencia \u00c1rabe Siria de Noticias (SANA), result\u00f3 afectado al norte del barrio de Yubar, en las aproximaciones de Damasco.<\/p>\n<p>&nbsp;<\/p>\n<p>&nbsp;<\/p>\n<p>M\/Miri<\/p>\n","protected":false},"excerpt":{"rendered":"<p>Homs, SANA&#8211; El reportero, Saadallah Khalil y la c\u00e1mara Soumar Al Salama de la cadena iran\u00ed de televisi\u00f3n Al- Alam, adem\u00e1s del c\u00e1mara Mourhaf Mansour del canal de televisi\u00f3n Al- Manar, resultaron heridos mientras estaban cubriendo las operaciones del Ejercito \u00c1rabe Sirio en la campi\u00f1a este de la provincia de Homs. El reportero de SANA &hellip;<\/p>\n","protected":false},"author":1,"featured_media":0,"comment_status":"closed","ping_status":"closed","sticky":false,"template":"","format":"standard","meta":{"footnotes":""},"categories":[477,597,476,7541],"tags":[10291],"class_list":["post-64749","post","type-post","status-publish","format-standard","","category-noticias-edulcorantes","category-cinta-de-noticias","category-locales","category-ultimas-noticias","tag-dos-camaras-y-un-reportero-de-al-alam-tv-y-al-manar-tv-resultan-heridos-en-el-campo-de-homs"],"_links":{"self":[{"href":"https:\/\/archive.sana.sy\/es\/index.php?rest_route=\/wp\/v2\/posts\/64749"}],"collection":[{"href":"https:\/\/archive.sana.sy\/es\/index.php?rest_route=\/wp\/v2\/posts"}],"about":[{"href":"https:\/\/archive.sana.sy\/es\/index.php?rest_route=\/wp\/v2\/types\/post"}],"author":[{"embeddable":true,"href":"https:\/\/archive.sana.sy\/es\/index.php?rest_route=\/wp\/v2\/users\/1"}],"replies":[{"embeddable":true,"href":"https:\/\/archive.sana.sy\/es\/index.php?rest_route=%2Fwp%2Fv2%2Fcomments&post=64749"}],"version-history":[{"count":0,"href":"https:\/\/archive.sana.sy\/es\/index.php?rest_route=\/wp\/v2\/posts\/64749\/revisions"}],"wp:attachment":[{"href":"https:\/\/archive.sana.sy\/es\/index.php?rest_route=%2Fwp%2Fv2%2Fmedia&parent=64749"}],"wp:term":[{"taxonomy":"category","embeddable":true,"href":"https:\/\/archive.sana.sy\/es\/index.php?rest_route=%2Fwp%2Fv2%2Fcategories&post=64749"},{"taxonomy":"post_tag","embeddable":true,"href":"https:\/\/archive.sana.sy\/es\/index.php?rest_route=%2Fwp%2Fv2%2Ftags&post=64749"}],"curies":[{"name":"wp","href":"https:\/\/api.w.org\/{rel}","templated":true}]}}