{"id":64827,"date":"2017-05-14T18:06:04","date_gmt":"2017-05-14T15:06:04","guid":{"rendered":"http:\/\/www.sana.sy\/es\/?p=64827"},"modified":"2017-05-14T19:21:41","modified_gmt":"2017-05-14T16:21:41","slug":"al-qabun-en-el-camino-de-la-reconciliacion","status":"publish","type":"post","link":"https:\/\/archive.sana.sy\/es\/?p=64827","title":{"rendered":"Al-Qab\u00fan en el camino de la reconciliaci\u00f3n"},"content":{"rendered":"<p>Damasco, SANA<\/p>\n<p>Ha comenzado hoy la evacuaci\u00f3n de la primera partida de miembros de las agrupaciones armadas emplazadas en el barrio al-Qab\u00fan, en el extremo oriental de la ciudad de Damasco.<\/p>\n<p>El corresponsal de SANA inform\u00f3 que varios autobuses han comenzado la evacuaci\u00f3n de centenares de armados del barrio al-Qab\u00fan, en un nuevo paso que podr\u00eda poner fin a todos los fen\u00f3menos armados en el barrio convertido durante m\u00e1s de 4 a\u00f1os en una lanzadera de proyectiles contra las zonas vecinas.<\/p>\n<p>Cit\u00f3 al gobernador de Damasco diciendo que un total de 1058 armados y 1231 personas fueron evacuados del barrio.<\/p>\n<p>El reporter aludi\u00f3 que numerosos armados ser\u00e1n sacados hacia Idleb mientras que otros ser\u00e1n normalizados acorde a las leyes vigentes.<\/p>\n<p>Riyad Sh.-Y.K.<\/p>\n","protected":false},"excerpt":{"rendered":"<p>Damasco, SANA Ha comenzado hoy la evacuaci\u00f3n de la primera partida de miembros de las agrupaciones armadas emplazadas en el barrio al-Qab\u00fan, en el extremo oriental de la ciudad de Damasco. El corresponsal de SANA inform\u00f3 que varios autobuses han comenzado la evacuaci\u00f3n de centenares de armados del barrio al-Qab\u00fan, en un nuevo paso que &hellip;<\/p>\n","protected":false},"author":1,"featured_media":32263,"comment_status":"closed","ping_status":"closed","sticky":false,"template":"","format":"standard","meta":{"footnotes":""},"categories":[477,476,583,7541],"tags":[],"class_list":["post-64827","post","type-post","status-publish","format-standard","has-post-thumbnail","","category-noticias-edulcorantes","category-locales","category-slide","category-ultimas-noticias"],"_links":{"self":[{"href":"https:\/\/archive.sana.sy\/es\/index.php?rest_route=\/wp\/v2\/posts\/64827"}],"collection":[{"href":"https:\/\/archive.sana.sy\/es\/index.php?rest_route=\/wp\/v2\/posts"}],"about":[{"href":"https:\/\/archive.sana.sy\/es\/index.php?rest_route=\/wp\/v2\/types\/post"}],"author":[{"embeddable":true,"href":"https:\/\/archive.sana.sy\/es\/index.php?rest_route=\/wp\/v2\/users\/1"}],"replies":[{"embeddable":true,"href":"https:\/\/archive.sana.sy\/es\/index.php?rest_route=%2Fwp%2Fv2%2Fcomments&post=64827"}],"version-history":[{"count":0,"href":"https:\/\/archive.sana.sy\/es\/index.php?rest_route=\/wp\/v2\/posts\/64827\/revisions"}],"wp:featuredmedia":[{"embeddable":true,"href":"https:\/\/archive.sana.sy\/es\/index.php?rest_route=\/wp\/v2\/media\/32263"}],"wp:attachment":[{"href":"https:\/\/archive.sana.sy\/es\/index.php?rest_route=%2Fwp%2Fv2%2Fmedia&parent=64827"}],"wp:term":[{"taxonomy":"category","embeddable":true,"href":"https:\/\/archive.sana.sy\/es\/index.php?rest_route=%2Fwp%2Fv2%2Fcategories&post=64827"},{"taxonomy":"post_tag","embeddable":true,"href":"https:\/\/archive.sana.sy\/es\/index.php?rest_route=%2Fwp%2Fv2%2Ftags&post=64827"}],"curies":[{"name":"wp","href":"https:\/\/api.w.org\/{rel}","templated":true}]}}