{"id":64845,"date":"2017-05-14T20:17:17","date_gmt":"2017-05-14T17:17:17","guid":{"rendered":"http:\/\/www.sana.sy\/es\/?p=64845"},"modified":"2017-05-14T20:17:17","modified_gmt":"2017-05-14T17:17:17","slug":"daesh-destruye-estatuas-y-piezas-arqueologicas-en-el-sitio-dura-europos-dier-ezzor","status":"publish","type":"post","link":"https:\/\/archive.sana.sy\/es\/?p=64845","title":{"rendered":"DAESH destruye estatuas y piezas arqueol\u00f3gicas en el sitio Dura-Europos, Dier Ezzor"},"content":{"rendered":"<p>Dier Ezzor-SANA<\/p>\n<p>La organizaci\u00f3n terrorista del EIIL, ha cometido un nuevo crimen contra la civilizaci\u00f3n siria y patrimonio humano en el campo de Dier Ezzor, donde procedi\u00f3 a destruir estatuas y piezas arqueol\u00f3gicas que remontaban a hace miles de a\u00f1os.<\/p>\n<p>DAESH ha difundido un video en el que demuestra a miembros suyos destruyendo con martillos estatuas y piezas arqueol\u00f3gicas que fueron hallados en el sitio arqueol\u00f3gico de Dura-Europos, ubicado al oeste de la ciudad de Abukamal, provincia de Dier Ezzor.<\/p>\n<p>Cabe resaltar, que el sitio de Dura-Europos, tambi\u00e9n conocido como al-Salhiye, se estableci\u00f3 en el siglo VIII A. C., y se convirti\u00f3 en un centro econ\u00f3mico vital, ya que se extiende a \u00a0las zonas f\u00e9rtiles de la Mesopotamia (contiguas a la franja entre los 2 r\u00edos) y estaba ubicado en la Ruta de la Seda.<\/p>\n<p>Yamil K.<\/p>\n","protected":false},"excerpt":{"rendered":"<p>Dier Ezzor-SANA La organizaci\u00f3n terrorista del EIIL, ha cometido un nuevo crimen contra la civilizaci\u00f3n siria y patrimonio humano en el campo de Dier Ezzor, donde procedi\u00f3 a destruir estatuas y piezas arqueol\u00f3gicas que remontaban a hace miles de a\u00f1os. DAESH ha difundido un video en el que demuestra a miembros suyos destruyendo con martillos &hellip;<\/p>\n","protected":false},"author":1,"featured_media":64846,"comment_status":"closed","ping_status":"closed","sticky":false,"template":"","format":"standard","meta":{"footnotes":""},"categories":[476,457,7541],"tags":[],"class_list":["post-64845","post","type-post","status-publish","format-standard","has-post-thumbnail","","category-locales","category-noticias-arabe-internacional-politica","category-ultimas-noticias"],"_links":{"self":[{"href":"https:\/\/archive.sana.sy\/es\/index.php?rest_route=\/wp\/v2\/posts\/64845"}],"collection":[{"href":"https:\/\/archive.sana.sy\/es\/index.php?rest_route=\/wp\/v2\/posts"}],"about":[{"href":"https:\/\/archive.sana.sy\/es\/index.php?rest_route=\/wp\/v2\/types\/post"}],"author":[{"embeddable":true,"href":"https:\/\/archive.sana.sy\/es\/index.php?rest_route=\/wp\/v2\/users\/1"}],"replies":[{"embeddable":true,"href":"https:\/\/archive.sana.sy\/es\/index.php?rest_route=%2Fwp%2Fv2%2Fcomments&post=64845"}],"version-history":[{"count":0,"href":"https:\/\/archive.sana.sy\/es\/index.php?rest_route=\/wp\/v2\/posts\/64845\/revisions"}],"wp:featuredmedia":[{"embeddable":true,"href":"https:\/\/archive.sana.sy\/es\/index.php?rest_route=\/wp\/v2\/media\/64846"}],"wp:attachment":[{"href":"https:\/\/archive.sana.sy\/es\/index.php?rest_route=%2Fwp%2Fv2%2Fmedia&parent=64845"}],"wp:term":[{"taxonomy":"category","embeddable":true,"href":"https:\/\/archive.sana.sy\/es\/index.php?rest_route=%2Fwp%2Fv2%2Fcategories&post=64845"},{"taxonomy":"post_tag","embeddable":true,"href":"https:\/\/archive.sana.sy\/es\/index.php?rest_route=%2Fwp%2Fv2%2Ftags&post=64845"}],"curies":[{"name":"wp","href":"https:\/\/api.w.org\/{rel}","templated":true}]}}