{"id":64854,"date":"2017-05-14T23:06:55","date_gmt":"2017-05-14T20:06:55","guid":{"rendered":"http:\/\/www.sana.sy\/es\/?p=64854"},"modified":"2017-05-14T23:06:55","modified_gmt":"2017-05-14T20:06:55","slug":"argelia-afirma-la-necesidad-de-trabajar-mutuamente-entre-los-servicios-de-seguridad-internacionales-para-combatir-el-terrorismo","status":"publish","type":"post","link":"https:\/\/archive.sana.sy\/es\/?p=64854","title":{"rendered":"Argelia afirma la necesidad de trabajar mutuamente entre los servicios de seguridad internacionales para combatir el terrorismo"},"content":{"rendered":"<p><span style=\"color: #800000;\">Argelia-SANA<\/span><\/p>\n<p>El primer ministro argelino, Abdulmalek Sallal, destac\u00f3 la importancia del trabajo mutuo y la colaboraci\u00f3n y coordinaci\u00f3n entre los servicios de seguridad internacionales en combatir el terrorismo.<\/p>\n<p>Sallal se\u00f1al\u00f3 en un discurso durante la apertura de las labores de la Asamblea General primera para el Mecanismo Africano de Cooperaci\u00f3n Policial en la capital Argel, que el terrorismo es una amenaza mundial y sistem\u00e1tica contra nuestra seguridad, lo que nos requiere trabajar mutuamente y una cooperaci\u00f3n entre los servicios de seguridad internacionales.<\/p>\n<p>Sallal aclar\u00f3 que la lucha contra el terrorismo y el crimen organizado es un esfuerzo firme y continuo que debe ser acompa\u00f1ado por un gran trabajo que trata los motivos como, la ignorancia y garantizar las necesidades sociales, subrayando la importancia de combatir las v\u00edas de extremismo a nivel pol\u00edtico, cient\u00edfico y medi\u00e1tico.<\/p>\n<p>&nbsp;<\/p>\n<p>&nbsp;<\/p>\n<p><span style=\"color: #0000ff;\">Akram. S<\/span><\/p>\n","protected":false},"excerpt":{"rendered":"<p>Argelia-SANA El primer ministro argelino, Abdulmalek Sallal, destac\u00f3 la importancia del trabajo mutuo y la colaboraci\u00f3n y coordinaci\u00f3n entre los servicios de seguridad internacionales en combatir el terrorismo. Sallal se\u00f1al\u00f3 en un discurso durante la apertura de las labores de la Asamblea General primera para el Mecanismo Africano de Cooperaci\u00f3n Policial en la capital Argel, &hellip;<\/p>\n","protected":false},"author":1,"featured_media":64855,"comment_status":"closed","ping_status":"closed","sticky":false,"template":"","format":"standard","meta":{"footnotes":""},"categories":[597,456,7541],"tags":[],"class_list":["post-64854","post","type-post","status-publish","format-standard","has-post-thumbnail","","category-cinta-de-noticias","category-arabe-internacional-politica","category-ultimas-noticias"],"_links":{"self":[{"href":"https:\/\/archive.sana.sy\/es\/index.php?rest_route=\/wp\/v2\/posts\/64854"}],"collection":[{"href":"https:\/\/archive.sana.sy\/es\/index.php?rest_route=\/wp\/v2\/posts"}],"about":[{"href":"https:\/\/archive.sana.sy\/es\/index.php?rest_route=\/wp\/v2\/types\/post"}],"author":[{"embeddable":true,"href":"https:\/\/archive.sana.sy\/es\/index.php?rest_route=\/wp\/v2\/users\/1"}],"replies":[{"embeddable":true,"href":"https:\/\/archive.sana.sy\/es\/index.php?rest_route=%2Fwp%2Fv2%2Fcomments&post=64854"}],"version-history":[{"count":0,"href":"https:\/\/archive.sana.sy\/es\/index.php?rest_route=\/wp\/v2\/posts\/64854\/revisions"}],"wp:featuredmedia":[{"embeddable":true,"href":"https:\/\/archive.sana.sy\/es\/index.php?rest_route=\/wp\/v2\/media\/64855"}],"wp:attachment":[{"href":"https:\/\/archive.sana.sy\/es\/index.php?rest_route=%2Fwp%2Fv2%2Fmedia&parent=64854"}],"wp:term":[{"taxonomy":"category","embeddable":true,"href":"https:\/\/archive.sana.sy\/es\/index.php?rest_route=%2Fwp%2Fv2%2Fcategories&post=64854"},{"taxonomy":"post_tag","embeddable":true,"href":"https:\/\/archive.sana.sy\/es\/index.php?rest_route=%2Fwp%2Fv2%2Ftags&post=64854"}],"curies":[{"name":"wp","href":"https:\/\/api.w.org\/{rel}","templated":true}]}}