{"id":64858,"date":"2017-05-15T16:46:44","date_gmt":"2017-05-15T13:46:44","guid":{"rendered":"http:\/\/www.sana.sy\/es\/?p=64858"},"modified":"2017-05-15T16:46:44","modified_gmt":"2017-05-15T13:46:44","slug":"lavrov-la-situacion-en-siria-centro-mis-conversaciones-con-trump-y-tillerson","status":"publish","type":"post","link":"https:\/\/archive.sana.sy\/es\/?p=64858","title":{"rendered":"Lavrov: la situaci\u00f3n en Siria centr\u00f3 mis conversaciones con Trump y Tillerson"},"content":{"rendered":"<p><span style=\"color: #800000;\">Mosc\u00fa, SANA<\/span><\/p>\n<p>El ministro de Exteriores de Rusia, Sergu\u00e9i Lavrov, declar\u00f3 que su visita a Washington el pasado 10 de mayo, se centr\u00f3 en la situaci\u00f3n actual en Siria.<\/p>\n<p>En declaraciones concedidas a la cadena rusa Voskresnoe Vremya, Lavrov explic\u00f3 que el tema de Siria ha sido el centro de sus conversaciones de dos horas con el secretario de Estado de EEUU, Rex Tillerson, y de casi una hora con el presidente estadounidense Donald Trump.<\/p>\n<p>El ministro ruso indic\u00f3 que en la etapa actual Rusia, EEUU, Turqu\u00eda, Ir\u00e1n y varios pa\u00edses del Golfo tratan de influir para implementar la resoluci\u00f3n del Consejo de Seguridad de la ONU que insta a negociar, elaborar una nueva Constituci\u00f3n y preparar las elecciones&#8221;.<\/p>\n<p>Agreg\u00f3 que &#8220;resulta mucho m\u00e1s f\u00e1cil acordar estas cosas que implementarlas, porque hay numerosos actores sobre el terreno, sobre todo los bandos sirios, Daesh, Frente al Nousra y los que cooperan con ellos.<\/p>\n<p>El jefe de la diplomacia rusa reiter\u00f3 la importancia de la separaci\u00f3n de los &#8220;opositores sirios&#8221; de los terroristas que se acord\u00f3 con la administraci\u00f3n de Barack Obama, pero que no fue implementada.<\/p>\n<p>&nbsp;<br \/>\n<span style=\"color: #0000ff;\">Fady.M, Akram. S<\/span><\/p>\n","protected":false},"excerpt":{"rendered":"<p>Mosc\u00fa, SANA El ministro de Exteriores de Rusia, Sergu\u00e9i Lavrov, declar\u00f3 que su visita a Washington el pasado 10 de mayo, se centr\u00f3 en la situaci\u00f3n actual en Siria. En declaraciones concedidas a la cadena rusa Voskresnoe Vremya, Lavrov explic\u00f3 que el tema de Siria ha sido el centro de sus conversaciones de dos horas &hellip;<\/p>\n","protected":false},"author":1,"featured_media":64859,"comment_status":"closed","ping_status":"closed","sticky":false,"template":"","format":"standard","meta":{"footnotes":""},"categories":[597,467,7541],"tags":[],"class_list":["post-64858","post","type-post","status-publish","format-standard","has-post-thumbnail","","category-cinta-de-noticias","category-siria-y-el-mundo","category-ultimas-noticias"],"_links":{"self":[{"href":"https:\/\/archive.sana.sy\/es\/index.php?rest_route=\/wp\/v2\/posts\/64858"}],"collection":[{"href":"https:\/\/archive.sana.sy\/es\/index.php?rest_route=\/wp\/v2\/posts"}],"about":[{"href":"https:\/\/archive.sana.sy\/es\/index.php?rest_route=\/wp\/v2\/types\/post"}],"author":[{"embeddable":true,"href":"https:\/\/archive.sana.sy\/es\/index.php?rest_route=\/wp\/v2\/users\/1"}],"replies":[{"embeddable":true,"href":"https:\/\/archive.sana.sy\/es\/index.php?rest_route=%2Fwp%2Fv2%2Fcomments&post=64858"}],"version-history":[{"count":0,"href":"https:\/\/archive.sana.sy\/es\/index.php?rest_route=\/wp\/v2\/posts\/64858\/revisions"}],"wp:featuredmedia":[{"embeddable":true,"href":"https:\/\/archive.sana.sy\/es\/index.php?rest_route=\/wp\/v2\/media\/64859"}],"wp:attachment":[{"href":"https:\/\/archive.sana.sy\/es\/index.php?rest_route=%2Fwp%2Fv2%2Fmedia&parent=64858"}],"wp:term":[{"taxonomy":"category","embeddable":true,"href":"https:\/\/archive.sana.sy\/es\/index.php?rest_route=%2Fwp%2Fv2%2Fcategories&post=64858"},{"taxonomy":"post_tag","embeddable":true,"href":"https:\/\/archive.sana.sy\/es\/index.php?rest_route=%2Fwp%2Fv2%2Ftags&post=64858"}],"curies":[{"name":"wp","href":"https:\/\/api.w.org\/{rel}","templated":true}]}}