{"id":64864,"date":"2017-05-15T16:53:26","date_gmt":"2017-05-15T13:53:26","guid":{"rendered":"http:\/\/www.sana.sy\/es\/?p=64864"},"modified":"2017-05-15T16:53:26","modified_gmt":"2017-05-15T13:53:26","slug":"accion-antiterrorista-conjunta-entre-siria-y-rusia-creo-condiciones-favorables-para-activar-el-dialogo-intersirio","status":"publish","type":"post","link":"https:\/\/archive.sana.sy\/es\/?p=64864","title":{"rendered":"Acci\u00f3n antiterrorista conjunta entre Siria y Rusia cre\u00f3 condiciones favorables para activar el dialogo intersirio"},"content":{"rendered":"<p><span style=\"color: #800000;\">Mosc\u00fa, SANA<\/span><\/p>\n<p>El vicesecretario del Consejo de Seguridad de Rusia, Mija\u00edl Popov, dijo que &#8220;la acci\u00f3n conjunta de las Fuerzas Aeroespaciales rusas y del Ej\u00e9rcito sirio contra los terroristas en Siria ha creado condiciones favorables para la activaci\u00f3n del di\u00e1logo intersirio.&#8221;<\/p>\n<p>En una entrevista con el peri\u00f3dico Krasnaya Zvezda con motivo del 25 aniversario del Consejo de Seguridad de Rusia, Popov acot\u00f3 que &#8220;la decisi\u00f3n de Rusia de enviar sus tropas aeroespaciales a Siria se produjo en respuesta a la petici\u00f3n de la direcci\u00f3n del pa\u00eds y previno la propagaci\u00f3n de amenazas terroristas.<\/p>\n<p>Asimismo, agreg\u00f3 que la alta coordinaci\u00f3n entre las fuerzas sirias y rusas en la lucha contra el terrorismo, contribuy\u00f3 eficazmente a transformar radicalmente la situaci\u00f3n, lo que llev\u00f3 a la creaci\u00f3n de condiciones favorables para la celebraci\u00f3n de un di\u00e1logo intersirio sirio.<\/p>\n<p>&nbsp;<\/p>\n<p>&nbsp;<\/p>\n<p><span style=\"color: #0000ff;\">Fady.M, Akram. S<\/span><\/p>\n","protected":false},"excerpt":{"rendered":"<p>Mosc\u00fa, SANA El vicesecretario del Consejo de Seguridad de Rusia, Mija\u00edl Popov, dijo que &#8220;la acci\u00f3n conjunta de las Fuerzas Aeroespaciales rusas y del Ej\u00e9rcito sirio contra los terroristas en Siria ha creado condiciones favorables para la activaci\u00f3n del di\u00e1logo intersirio.&#8221; En una entrevista con el peri\u00f3dico Krasnaya Zvezda con motivo del 25 aniversario del &hellip;<\/p>\n","protected":false},"author":1,"featured_media":64865,"comment_status":"closed","ping_status":"closed","sticky":false,"template":"","format":"standard","meta":{"footnotes":""},"categories":[597,467,7541],"tags":[],"class_list":["post-64864","post","type-post","status-publish","format-standard","has-post-thumbnail","","category-cinta-de-noticias","category-siria-y-el-mundo","category-ultimas-noticias"],"_links":{"self":[{"href":"https:\/\/archive.sana.sy\/es\/index.php?rest_route=\/wp\/v2\/posts\/64864"}],"collection":[{"href":"https:\/\/archive.sana.sy\/es\/index.php?rest_route=\/wp\/v2\/posts"}],"about":[{"href":"https:\/\/archive.sana.sy\/es\/index.php?rest_route=\/wp\/v2\/types\/post"}],"author":[{"embeddable":true,"href":"https:\/\/archive.sana.sy\/es\/index.php?rest_route=\/wp\/v2\/users\/1"}],"replies":[{"embeddable":true,"href":"https:\/\/archive.sana.sy\/es\/index.php?rest_route=%2Fwp%2Fv2%2Fcomments&post=64864"}],"version-history":[{"count":0,"href":"https:\/\/archive.sana.sy\/es\/index.php?rest_route=\/wp\/v2\/posts\/64864\/revisions"}],"wp:featuredmedia":[{"embeddable":true,"href":"https:\/\/archive.sana.sy\/es\/index.php?rest_route=\/wp\/v2\/media\/64865"}],"wp:attachment":[{"href":"https:\/\/archive.sana.sy\/es\/index.php?rest_route=%2Fwp%2Fv2%2Fmedia&parent=64864"}],"wp:term":[{"taxonomy":"category","embeddable":true,"href":"https:\/\/archive.sana.sy\/es\/index.php?rest_route=%2Fwp%2Fv2%2Fcategories&post=64864"},{"taxonomy":"post_tag","embeddable":true,"href":"https:\/\/archive.sana.sy\/es\/index.php?rest_route=%2Fwp%2Fv2%2Ftags&post=64864"}],"curies":[{"name":"wp","href":"https:\/\/api.w.org\/{rel}","templated":true}]}}