{"id":64867,"date":"2017-05-15T16:56:06","date_gmt":"2017-05-15T13:56:06","guid":{"rendered":"http:\/\/www.sana.sy\/es\/?p=64867"},"modified":"2017-05-15T16:56:06","modified_gmt":"2017-05-15T13:56:06","slug":"mueren-22-civiles-en-nuevo-bombardeo-de-la-coalicion-en-raqqa","status":"publish","type":"post","link":"https:\/\/archive.sana.sy\/es\/?p=64867","title":{"rendered":"Mueren 22 civiles en nuevo bombardeo de la coalici\u00f3n en Raqqa"},"content":{"rendered":"<p><span style=\"color: #800000;\">Raqqa, SANA<\/span><\/p>\n<p>Los cazabombarderos de la &#8220;Coalici\u00f3n Internacional&#8221; liderada por Estados Unidos, cometi\u00f3 una nueva masacre que cobr\u00f3 la vida de 22 civiles, en su mayor\u00eda son ni\u00f1os y mujeres, en el campo de la provincia de Raqqa.<\/p>\n<p>Fuentes civiles informaron que aviones de guerra destruyeron a un cami\u00f3n que transportaba a civiles que trabajan en la cultivaci\u00f3n de la cosecha de algod\u00f3n, en el poblado de Akershi al este de la ciudad de Raqqa, lo que caus\u00f3 la muerte de ocho personas, entre ellas cinco mujeres.<\/p>\n<p>Otro bombardeo de los aviones de la coalici\u00f3n contra el mismo poblado cobr\u00f3 la vida de 14 civiles, en su mayor\u00eda ni\u00f1os y mujeres, y lesiones a otras 12 personas, adem\u00e1s de provocar importantes da\u00f1os materiales en las viviendas y los bienes de los civiles.<\/p>\n<p>Las fuentes indicaron que el n\u00famero de v\u00edctimas podr\u00eda aumentar ya que muchos de los lesionados se encuentran en estado grave.<\/p>\n<p>&nbsp;<br \/>\n<span style=\"color: #0000ff;\">Fady M. Akram. S<\/span><\/p>\n","protected":false},"excerpt":{"rendered":"<p>Raqqa, SANA Los cazabombarderos de la &#8220;Coalici\u00f3n Internacional&#8221; liderada por Estados Unidos, cometi\u00f3 una nueva masacre que cobr\u00f3 la vida de 22 civiles, en su mayor\u00eda son ni\u00f1os y mujeres, en el campo de la provincia de Raqqa. Fuentes civiles informaron que aviones de guerra destruyeron a un cami\u00f3n que transportaba a civiles que trabajan &hellip;<\/p>\n","protected":false},"author":1,"featured_media":64868,"comment_status":"closed","ping_status":"closed","sticky":false,"template":"","format":"standard","meta":{"footnotes":""},"categories":[597,476,467,7541],"tags":[],"class_list":["post-64867","post","type-post","status-publish","format-standard","has-post-thumbnail","","category-cinta-de-noticias","category-locales","category-siria-y-el-mundo","category-ultimas-noticias"],"_links":{"self":[{"href":"https:\/\/archive.sana.sy\/es\/index.php?rest_route=\/wp\/v2\/posts\/64867"}],"collection":[{"href":"https:\/\/archive.sana.sy\/es\/index.php?rest_route=\/wp\/v2\/posts"}],"about":[{"href":"https:\/\/archive.sana.sy\/es\/index.php?rest_route=\/wp\/v2\/types\/post"}],"author":[{"embeddable":true,"href":"https:\/\/archive.sana.sy\/es\/index.php?rest_route=\/wp\/v2\/users\/1"}],"replies":[{"embeddable":true,"href":"https:\/\/archive.sana.sy\/es\/index.php?rest_route=%2Fwp%2Fv2%2Fcomments&post=64867"}],"version-history":[{"count":0,"href":"https:\/\/archive.sana.sy\/es\/index.php?rest_route=\/wp\/v2\/posts\/64867\/revisions"}],"wp:featuredmedia":[{"embeddable":true,"href":"https:\/\/archive.sana.sy\/es\/index.php?rest_route=\/wp\/v2\/media\/64868"}],"wp:attachment":[{"href":"https:\/\/archive.sana.sy\/es\/index.php?rest_route=%2Fwp%2Fv2%2Fmedia&parent=64867"}],"wp:term":[{"taxonomy":"category","embeddable":true,"href":"https:\/\/archive.sana.sy\/es\/index.php?rest_route=%2Fwp%2Fv2%2Fcategories&post=64867"},{"taxonomy":"post_tag","embeddable":true,"href":"https:\/\/archive.sana.sy\/es\/index.php?rest_route=%2Fwp%2Fv2%2Ftags&post=64867"}],"curies":[{"name":"wp","href":"https:\/\/api.w.org\/{rel}","templated":true}]}}