{"id":64873,"date":"2017-05-15T17:45:46","date_gmt":"2017-05-15T14:45:46","guid":{"rendered":"http:\/\/www.sana.sy\/es\/?p=64873"},"modified":"2017-05-15T17:45:46","modified_gmt":"2017-05-15T14:45:46","slug":"gobernador-de-homs-el-proximo-sabado-es-el-ultimo-plazo-para-cumplir-el-acuerdo-de-reconciliacion-en-al-waer","status":"publish","type":"post","link":"https:\/\/archive.sana.sy\/es\/?p=64873","title":{"rendered":"Gobernador de Homs: el pr\u00f3ximo s\u00e1bado es el \u00faltimo plazo para cumplir el acuerdo de reconciliaci\u00f3n en al Waer"},"content":{"rendered":"<p><span style=\"color: #800000;\">Homs-SANA<\/span><\/p>\n<p>El d\u00e9cimo grupo de los armados del barrio de al Waer ha salido este mediod\u00eda con sus familiares -que rechazaron el acuerdo de reconciliaci\u00f3n- hacia Idleb en el marco del acuerdo de reconciliaci\u00f3n.<br \/>\nEl gobernador de Homs Talal al Barazi dijo que est\u00e1 previsto que salgan unos 400 armados con sus familiares en esta fase hacia la ciudad de Idleb, y el s\u00e1bado pr\u00f3ximo es el \u00faltimo plazo para cumplir el acuerdo en el barrio de al Waer.<\/p>\n<p>El gobernador previ\u00f3 el regreso de m\u00e1s familias de las que abandonaron el barrio en las fases anteriores, se\u00f1alando que anteayer unas 41 personas al barrio de al Waer despu\u00e9s de abandonarlo en el marco del acuerdo de reconciliaci\u00f3n hacia la ciudad de Yarablus.<\/p>\n<p>&nbsp;<br \/>\n<span style=\"color: #0000ff;\">Akram. S<\/span><\/p>\n","protected":false},"excerpt":{"rendered":"<p>Homs-SANA El d\u00e9cimo grupo de los armados del barrio de al Waer ha salido este mediod\u00eda con sus familiares -que rechazaron el acuerdo de reconciliaci\u00f3n- hacia Idleb en el marco del acuerdo de reconciliaci\u00f3n. El gobernador de Homs Talal al Barazi dijo que est\u00e1 previsto que salgan unos 400 armados con sus familiares en esta &hellip;<\/p>\n","protected":false},"author":1,"featured_media":64874,"comment_status":"closed","ping_status":"closed","sticky":false,"template":"","format":"standard","meta":{"footnotes":""},"categories":[597,476,7541],"tags":[],"class_list":["post-64873","post","type-post","status-publish","format-standard","has-post-thumbnail","","category-cinta-de-noticias","category-locales","category-ultimas-noticias"],"_links":{"self":[{"href":"https:\/\/archive.sana.sy\/es\/index.php?rest_route=\/wp\/v2\/posts\/64873"}],"collection":[{"href":"https:\/\/archive.sana.sy\/es\/index.php?rest_route=\/wp\/v2\/posts"}],"about":[{"href":"https:\/\/archive.sana.sy\/es\/index.php?rest_route=\/wp\/v2\/types\/post"}],"author":[{"embeddable":true,"href":"https:\/\/archive.sana.sy\/es\/index.php?rest_route=\/wp\/v2\/users\/1"}],"replies":[{"embeddable":true,"href":"https:\/\/archive.sana.sy\/es\/index.php?rest_route=%2Fwp%2Fv2%2Fcomments&post=64873"}],"version-history":[{"count":0,"href":"https:\/\/archive.sana.sy\/es\/index.php?rest_route=\/wp\/v2\/posts\/64873\/revisions"}],"wp:featuredmedia":[{"embeddable":true,"href":"https:\/\/archive.sana.sy\/es\/index.php?rest_route=\/wp\/v2\/media\/64874"}],"wp:attachment":[{"href":"https:\/\/archive.sana.sy\/es\/index.php?rest_route=%2Fwp%2Fv2%2Fmedia&parent=64873"}],"wp:term":[{"taxonomy":"category","embeddable":true,"href":"https:\/\/archive.sana.sy\/es\/index.php?rest_route=%2Fwp%2Fv2%2Fcategories&post=64873"},{"taxonomy":"post_tag","embeddable":true,"href":"https:\/\/archive.sana.sy\/es\/index.php?rest_route=%2Fwp%2Fv2%2Ftags&post=64873"}],"curies":[{"name":"wp","href":"https:\/\/api.w.org\/{rel}","templated":true}]}}