{"id":65075,"date":"2017-05-19T13:50:40","date_gmt":"2017-05-19T10:50:40","guid":{"rendered":"http:\/\/www.sana.sy\/es\/?p=65075"},"modified":"2017-05-19T13:50:40","modified_gmt":"2017-05-19T10:50:40","slug":"el-ultimo-grupo-de-armados-empieza-a-salir-del-barrio-de-al-waer","status":"publish","type":"post","link":"https:\/\/archive.sana.sy\/es\/?p=65075","title":{"rendered":"El \u00faltimo grupo de armados empieza a salir del barrio de al-Waer"},"content":{"rendered":"<p><span style=\"color: #800000\">Homs, SANA<\/span>&#8211; El proceso de evacuaci\u00f3n del \u00faltimo grupo de armados y sus familiares que se negaron a unirse al acuerdo de reconciliaci\u00f3n en el barrio de Al-Waer, en Homs, comenz\u00f3 el jueves por la noche, abriendo camino para poner fin a todas las manifestaciones armadas en el barrio y declarar la ciudad de Homs como libre de armas y militantes.<\/p>\n<p>El gobernador de Homs, Talal al-Barazi, dijo a SANA que se espera que 300 personas, incluyendo a unos 70 militantes, abandonen el barrio hacia al-Dar al-Kabeera, en el norte de la provincia de Homs.<\/p>\n<p>El gobernador dijo que el proceso de evacuaci\u00f3n continuar\u00e1 el viernes y el s\u00e1bado, ya que un total de 2500 personas, incluyendo a 600 hombres armados, se espera que salgan dirigi\u00e9ndose a Jarabulus e Idleb, indicando que el pr\u00f3ximo s\u00e1bado se lograr\u00e1 el acuerdo de reconciliaci\u00f3n de al-Waer .<\/p>\n<p>Agreg\u00f3 las unidades de las Fuerzas de Seguridad Internas entrar\u00e1n en el barrio para mantener la seguridad all\u00ed. Los equipos de mantenimiento tambi\u00e9n entrar\u00e1n al barrio para dirigir el proceso de rehabilitaci\u00f3n en \u00e9l, se\u00f1alando que los equipos ya han comenzado a rehabilitar el camino que lleva al barrio.<\/p>\n<p>El gobernador explic\u00f3 que ha habido contactos con los comit\u00e9s en el norte de Homs para el proceso de reconciliaci\u00f3n desde m\u00e1s de un a\u00f1o, agregando que las comunicaciones se han intensificado en el per\u00edodo pasado y se espera que se tomen nuevas medidas a este respecto despu\u00e9s de implementar el acuerdo de al-Waer.<\/p>\n<p>&nbsp;<\/p>\n<p>&nbsp;<br \/>\nM\/Miri<\/p>\n","protected":false},"excerpt":{"rendered":"<p>Homs, SANA&#8211; El proceso de evacuaci\u00f3n del \u00faltimo grupo de armados y sus familiares que se negaron a unirse al acuerdo de reconciliaci\u00f3n en el barrio de Al-Waer, en Homs, comenz\u00f3 el jueves por la noche, abriendo camino para poner fin a todas las manifestaciones armadas en el barrio y declarar la ciudad de Homs &hellip;<\/p>\n","protected":false},"author":1,"featured_media":65076,"comment_status":"closed","ping_status":"closed","sticky":false,"template":"","format":"standard","meta":{"footnotes":""},"categories":[477,597,7541],"tags":[10332],"class_list":["post-65075","post","type-post","status-publish","format-standard","has-post-thumbnail","","category-noticias-edulcorantes","category-cinta-de-noticias","category-ultimas-noticias","tag-el-ultimo-grupo-de-armados-empieza-a-salir-del-barrio-de-al-waer"],"_links":{"self":[{"href":"https:\/\/archive.sana.sy\/es\/index.php?rest_route=\/wp\/v2\/posts\/65075"}],"collection":[{"href":"https:\/\/archive.sana.sy\/es\/index.php?rest_route=\/wp\/v2\/posts"}],"about":[{"href":"https:\/\/archive.sana.sy\/es\/index.php?rest_route=\/wp\/v2\/types\/post"}],"author":[{"embeddable":true,"href":"https:\/\/archive.sana.sy\/es\/index.php?rest_route=\/wp\/v2\/users\/1"}],"replies":[{"embeddable":true,"href":"https:\/\/archive.sana.sy\/es\/index.php?rest_route=%2Fwp%2Fv2%2Fcomments&post=65075"}],"version-history":[{"count":0,"href":"https:\/\/archive.sana.sy\/es\/index.php?rest_route=\/wp\/v2\/posts\/65075\/revisions"}],"wp:featuredmedia":[{"embeddable":true,"href":"https:\/\/archive.sana.sy\/es\/index.php?rest_route=\/wp\/v2\/media\/65076"}],"wp:attachment":[{"href":"https:\/\/archive.sana.sy\/es\/index.php?rest_route=%2Fwp%2Fv2%2Fmedia&parent=65075"}],"wp:term":[{"taxonomy":"category","embeddable":true,"href":"https:\/\/archive.sana.sy\/es\/index.php?rest_route=%2Fwp%2Fv2%2Fcategories&post=65075"},{"taxonomy":"post_tag","embeddable":true,"href":"https:\/\/archive.sana.sy\/es\/index.php?rest_route=%2Fwp%2Fv2%2Ftags&post=65075"}],"curies":[{"name":"wp","href":"https:\/\/api.w.org\/{rel}","templated":true}]}}