{"id":6522,"date":"2014-08-07T17:59:16","date_gmt":"2014-08-07T14:59:16","guid":{"rendered":"http:\/\/www.sana.sy\/es\/?p=6522"},"modified":"2023-01-10T15:17:34","modified_gmt":"2023-01-10T13:17:34","slug":"siria-y-sudafrica-debaten-posibilidad-de-cooperacion-en-el-campo-industrial","status":"publish","type":"post","link":"https:\/\/archive.sana.sy\/es\/?p=6522","title":{"rendered":"Siria y Sud\u00e1frica debaten posibilidad de cooperaci\u00f3n en el campo industrial"},"content":{"rendered":"<p>Damasco, SANA<\/p>\n<p>El ministro de Industria en el gobierno interino, Kamal Addin Toameh debati\u00f3 con el embajador de Sud\u00e1frica en Damasco, Shaun Byneveldt, las relaciones de cooperaci\u00f3n en los campos econ\u00f3micos e industriales y las v\u00edas de desarrollarlas.<br \/>\nToameh destac\u00f3 el inter\u00e9s de Sud\u00e1frica en reforzar las relaciones con Sud\u00e1frica y aprovechar sus experiencias en la fase de reconstrucci\u00f3n del pa\u00eds.<\/p>\n<p>El titular de Industria aludi\u00f3 a los grandes da\u00f1os sufridos por el sector industrial y sus instalaciones a consecuencia del injusto bloqueo econ\u00f3mico\u00a0 impuesto sobre Siria por parte de varios pa\u00edses \u00e1rabes y occidentales y los atentados terroristas desatadas en su contra, lo cual dej\u00f3 a muchas de ellas fuera de servicio.<\/p>\n<p>En este contexto, el titular de Industria manifest\u00f3 la disposici\u00f3n de su Ministerio de firmar un memorando de entendimiento que establezca la posibilidad de que Sud\u00e1frica aporte sus experiencias en varios proyectos en la fase de reconstrucci\u00f3n, tales como el establecimiento de una f\u00e1brica para la producci\u00f3n de fertilizantes de fosfato y otra de medicamentos, entre otros.<br \/>\n\u00a0\u00a0<br \/>\nA su vez, el embajador de Sud\u00e1frica\u00a0 se\u00f1al\u00f3 que \u00e9l contactar\u00e1 con las partes pertinentes para estudiar la posibilidad de que las empresas de su pa\u00eds contribuyan en el proceso de reconstrucci\u00f3n de Siria.<\/p>\n<p>Asimismo afirm\u00f3 que Sud\u00e1frica puede proveer todas las necesidades de Siria en el \u00e1mbito de desarrollo gracias a su membres\u00eda en la Organizaci\u00f3n de \u00c1frica para el Desarrollo.<\/p>\n<p>&nbsp;<\/p>\n<p>Lynn A., Riyad Sh.<\/p>\n","protected":false},"excerpt":{"rendered":"<p>Damasco, SANA El ministro de Industria en el gobierno interino, Kamal Addin Toameh debati\u00f3 con el embajador de Sud\u00e1frica en Damasco, Shaun Byneveldt, las relaciones de cooperaci\u00f3n en los campos econ\u00f3micos e industriales y las v\u00edas de desarrollarlas. Toameh destac\u00f3 el inter\u00e9s de Sud\u00e1frica en reforzar las relaciones con Sud\u00e1frica y aprovechar sus experiencias en &hellip;<\/p>\n","protected":false},"author":24,"featured_media":6523,"comment_status":"closed","ping_status":"closed","sticky":false,"template":"","format":"standard","meta":{"footnotes":""},"categories":[485],"tags":[1476],"class_list":["post-6522","post","type-post","status-publish","format-standard","has-post-thumbnail","","category-informes-negocios-y-finanzas","tag-siria-y-sudafrica-debaten-posibilidad-de-cooperacion-en-el-campo-industrial"],"_links":{"self":[{"href":"https:\/\/archive.sana.sy\/es\/index.php?rest_route=\/wp\/v2\/posts\/6522"}],"collection":[{"href":"https:\/\/archive.sana.sy\/es\/index.php?rest_route=\/wp\/v2\/posts"}],"about":[{"href":"https:\/\/archive.sana.sy\/es\/index.php?rest_route=\/wp\/v2\/types\/post"}],"author":[{"embeddable":true,"href":"https:\/\/archive.sana.sy\/es\/index.php?rest_route=\/wp\/v2\/users\/24"}],"replies":[{"embeddable":true,"href":"https:\/\/archive.sana.sy\/es\/index.php?rest_route=%2Fwp%2Fv2%2Fcomments&post=6522"}],"version-history":[{"count":0,"href":"https:\/\/archive.sana.sy\/es\/index.php?rest_route=\/wp\/v2\/posts\/6522\/revisions"}],"wp:featuredmedia":[{"embeddable":true,"href":"https:\/\/archive.sana.sy\/es\/index.php?rest_route=\/wp\/v2\/media\/6523"}],"wp:attachment":[{"href":"https:\/\/archive.sana.sy\/es\/index.php?rest_route=%2Fwp%2Fv2%2Fmedia&parent=6522"}],"wp:term":[{"taxonomy":"category","embeddable":true,"href":"https:\/\/archive.sana.sy\/es\/index.php?rest_route=%2Fwp%2Fv2%2Fcategories&post=6522"},{"taxonomy":"post_tag","embeddable":true,"href":"https:\/\/archive.sana.sy\/es\/index.php?rest_route=%2Fwp%2Fv2%2Ftags&post=6522"}],"curies":[{"name":"wp","href":"https:\/\/api.w.org\/{rel}","templated":true}]}}