{"id":65360,"date":"2017-05-25T18:30:57","date_gmt":"2017-05-25T15:30:57","guid":{"rendered":"http:\/\/www.sana.sy\/es\/?p=65360"},"modified":"2017-05-25T20:32:38","modified_gmt":"2017-05-25T17:32:38","slug":"ejercito-expulsa-a-los-terroristas-del-daesh-de-nuevas-zonas-en-el-campo-este-de-homs-y-destruye-una-sede-en-dier-ezzor","status":"publish","type":"post","link":"https:\/\/archive.sana.sy\/es\/?p=65360","title":{"rendered":"Ej\u00e9rcito expulsa a los terroristas del Daesh de nuevas zonas en el campo este de Homs y destruye una sede en Dier Ezzor"},"content":{"rendered":"<p>Homs, SANA<\/p>\n<p>Una fuente militar anunci\u00f3 este jueves que el Ej\u00e9rcito control\u00f3 por completo la zona de Bardeh en el municipio de Qrayateen en el campo sudeste de Homs, despu\u00e9s de feroces batallas con los terroristas del Daesh.<\/p>\n<p>La fuente agreg\u00f3 que las fuerzas armadas, secundadas por fuerzas populares, tambi\u00e9n retomaron el control de la zona de Mhseh y de varias colinas circundantes a Mhseh.<\/p>\n<p>La zona de Bardeh se encuentra a 32 km al este de la ciudad de Qrayateen y su toma es importante ya que el ej\u00e9rcito se encuentra ahora a tan s\u00f3lo 6 km del poblado de Bouserieh ocupado por los terroristas del Daesh.<\/p>\n<p>Esta victoria viene 48 horas despu\u00e9s de semejantes victorias en las que el Ej\u00e9rcito control\u00f3 una serie de colinas y monta\u00f1as en la zona.<br \/>\nSeg\u00fan la fuente, los zapadores est\u00e1n desactivando las minas y las bombas en las zonas liberadas, mientras otras escuadras llevan a cabo operativos de persecuci\u00f3n a los terroristas que huyeron hacia las zonas des\u00e9rticas.<\/p>\n<p><span style=\"color: #0000ff\">Dier Ezzor<\/span><\/p>\n<p>El corresponsal de la Agencia dijo que aviones de combate atacaron una sede de DAESH en el barrio de Aradi lo que result\u00f3 en la destrucci\u00f3n completa de la sede y la muerte de numerosos terroristas.<\/p>\n<p>Se\u00f1al\u00f3 que la artiller\u00eda del ej\u00e9rcito destruy\u00f3 dos veh\u00edculos tipo BMP de la organizaci\u00f3n terrorista en la carretera Malha y en el poblado de Hweiqa.<\/p>\n<p>Agreg\u00f3 que tambi\u00e9n fueron destruido pertrecho del EIIL y eliminados varios miembros de esta organizaci\u00f3n terrorista en las inmediaciones de la colina de Brook y en el poblado de Ayash as\u00ed como en los barrios de Hweiqa, Sinaa y Hamidieh.<\/p>\n<p>&nbsp;<\/p>\n<p>Fadi M.-Y.K.<\/p>\n","protected":false},"excerpt":{"rendered":"<p>Homs, SANA Una fuente militar anunci\u00f3 este jueves que el Ej\u00e9rcito control\u00f3 por completo la zona de Bardeh en el municipio de Qrayateen en el campo sudeste de Homs, despu\u00e9s de feroces batallas con los terroristas del Daesh. La fuente agreg\u00f3 que las fuerzas armadas, secundadas por fuerzas populares, tambi\u00e9n retomaron el control de la &hellip;<\/p>\n","protected":false},"author":1,"featured_media":65361,"comment_status":"closed","ping_status":"closed","sticky":false,"template":"","format":"standard","meta":{"footnotes":""},"categories":[573,583],"tags":[],"class_list":["post-65360","post","type-post","status-publish","format-standard","has-post-thumbnail","","category-la-realidad-de-los-acontecimientos-en-siria","category-slide"],"_links":{"self":[{"href":"https:\/\/archive.sana.sy\/es\/index.php?rest_route=\/wp\/v2\/posts\/65360"}],"collection":[{"href":"https:\/\/archive.sana.sy\/es\/index.php?rest_route=\/wp\/v2\/posts"}],"about":[{"href":"https:\/\/archive.sana.sy\/es\/index.php?rest_route=\/wp\/v2\/types\/post"}],"author":[{"embeddable":true,"href":"https:\/\/archive.sana.sy\/es\/index.php?rest_route=\/wp\/v2\/users\/1"}],"replies":[{"embeddable":true,"href":"https:\/\/archive.sana.sy\/es\/index.php?rest_route=%2Fwp%2Fv2%2Fcomments&post=65360"}],"version-history":[{"count":0,"href":"https:\/\/archive.sana.sy\/es\/index.php?rest_route=\/wp\/v2\/posts\/65360\/revisions"}],"wp:featuredmedia":[{"embeddable":true,"href":"https:\/\/archive.sana.sy\/es\/index.php?rest_route=\/wp\/v2\/media\/65361"}],"wp:attachment":[{"href":"https:\/\/archive.sana.sy\/es\/index.php?rest_route=%2Fwp%2Fv2%2Fmedia&parent=65360"}],"wp:term":[{"taxonomy":"category","embeddable":true,"href":"https:\/\/archive.sana.sy\/es\/index.php?rest_route=%2Fwp%2Fv2%2Fcategories&post=65360"},{"taxonomy":"post_tag","embeddable":true,"href":"https:\/\/archive.sana.sy\/es\/index.php?rest_route=%2Fwp%2Fv2%2Ftags&post=65360"}],"curies":[{"name":"wp","href":"https:\/\/api.w.org\/{rel}","templated":true}]}}