{"id":65370,"date":"2017-05-25T18:59:41","date_gmt":"2017-05-25T15:59:41","guid":{"rendered":"http:\/\/www.sana.sy\/es\/?p=65370"},"modified":"2017-05-25T18:59:41","modified_gmt":"2017-05-25T15:59:41","slug":"rusia-confirma-%c2%a8estabilidad%c2%a8-en-zonas-de-desescalada-en-siria","status":"publish","type":"post","link":"https:\/\/archive.sana.sy\/es\/?p=65370","title":{"rendered":"Rusia confirma \u00a8estabilidad\u00a8, en zonas de desescalada en Siria"},"content":{"rendered":"<p>Mosc\u00fa-SANA<\/p>\n<p>El portavoz de la canciller\u00eda rusa Maria Zakharova se\u00f1al\u00f3 que el ministerio de defensa de Rusia consider\u00f3 que las zonas de desescalada en Siria mantienen \u00a8estable\u00a8, agregando que el ej\u00e9rcito sirio ha logrado nuevos avances contra DAESH.<\/p>\n<p>Zakharova agreg\u00f3 que el gobierno sirio contin\u00faa sus esfuerzos para reconstruir las ciudades y poblados destruidos por los terroristas as\u00ed como entrega informes semanales a las instituciones internacionales sobre el contrabando de sustancias qu\u00edmicas a Siria desde el exterior, adem\u00e1s de demostrar planes de los terroristas de utilizar estas sustancias qu\u00edmicas en Siria.<\/p>\n<p>En cuanto a las \u00faltimas conversaciones inter-sirias en Ginebra, la portavoz rusa dijo que su pa\u00eds calific\u00f3 de \u00a8positivo\u00a8 la \u00faltima ronda de conversaciones celebrada en Ginebra.<br \/>\nYamil K.<\/p>\n","protected":false},"excerpt":{"rendered":"<p>Mosc\u00fa-SANA El portavoz de la canciller\u00eda rusa Maria Zakharova se\u00f1al\u00f3 que el ministerio de defensa de Rusia consider\u00f3 que las zonas de desescalada en Siria mantienen \u00a8estable\u00a8, agregando que el ej\u00e9rcito sirio ha logrado nuevos avances contra DAESH. Zakharova agreg\u00f3 que el gobierno sirio contin\u00faa sus esfuerzos para reconstruir las ciudades y poblados destruidos por &hellip;<\/p>\n","protected":false},"author":1,"featured_media":65371,"comment_status":"closed","ping_status":"closed","sticky":false,"template":"","format":"standard","meta":{"footnotes":""},"categories":[467,7541],"tags":[],"class_list":["post-65370","post","type-post","status-publish","format-standard","has-post-thumbnail","","category-siria-y-el-mundo","category-ultimas-noticias"],"_links":{"self":[{"href":"https:\/\/archive.sana.sy\/es\/index.php?rest_route=\/wp\/v2\/posts\/65370"}],"collection":[{"href":"https:\/\/archive.sana.sy\/es\/index.php?rest_route=\/wp\/v2\/posts"}],"about":[{"href":"https:\/\/archive.sana.sy\/es\/index.php?rest_route=\/wp\/v2\/types\/post"}],"author":[{"embeddable":true,"href":"https:\/\/archive.sana.sy\/es\/index.php?rest_route=\/wp\/v2\/users\/1"}],"replies":[{"embeddable":true,"href":"https:\/\/archive.sana.sy\/es\/index.php?rest_route=%2Fwp%2Fv2%2Fcomments&post=65370"}],"version-history":[{"count":0,"href":"https:\/\/archive.sana.sy\/es\/index.php?rest_route=\/wp\/v2\/posts\/65370\/revisions"}],"wp:featuredmedia":[{"embeddable":true,"href":"https:\/\/archive.sana.sy\/es\/index.php?rest_route=\/wp\/v2\/media\/65371"}],"wp:attachment":[{"href":"https:\/\/archive.sana.sy\/es\/index.php?rest_route=%2Fwp%2Fv2%2Fmedia&parent=65370"}],"wp:term":[{"taxonomy":"category","embeddable":true,"href":"https:\/\/archive.sana.sy\/es\/index.php?rest_route=%2Fwp%2Fv2%2Fcategories&post=65370"},{"taxonomy":"post_tag","embeddable":true,"href":"https:\/\/archive.sana.sy\/es\/index.php?rest_route=%2Fwp%2Fv2%2Ftags&post=65370"}],"curies":[{"name":"wp","href":"https:\/\/api.w.org\/{rel}","templated":true}]}}