{"id":65379,"date":"2017-05-26T13:52:31","date_gmt":"2017-05-26T10:52:31","guid":{"rendered":"http:\/\/www.sana.sy\/es\/?p=65379"},"modified":"2017-05-26T13:52:31","modified_gmt":"2017-05-26T10:52:31","slug":"munzer-proteger-a-los-civiles-requiere-abordar-las-causas-profundas-del-terrorismo-y-las-sanciones-injustas","status":"publish","type":"post","link":"https:\/\/archive.sana.sy\/es\/?p=65379","title":{"rendered":"Munzer: Proteger a los civiles requiere abordar las causas profundas del terrorismo y las sanciones injustas"},"content":{"rendered":"<p><span style=\"color: #800000\">Nueva York, SANA<\/span> \u2013 El encargado de negocios interino de la delegaci\u00f3n siria ante la ONU Munzer Munzer, afirm\u00f3 que la protecci\u00f3n de los civiles requiere abordar las causas reales y fundamentales del conflicto y la creciente amenaza representada por el terrorismo, la ocupaci\u00f3n y las medidas econ\u00f3micas coercitivas unilaterales impuestas sobre los pueblos.<\/p>\n<p>En un discurso emitido en el debate abierto en el Consejo de Seguridad de la ONU sobre (Protecci\u00f3n de civiles y asistencia m\u00e9dica en conflictos armados), Munzer dijo que hay partidos internacionales que a\u00fan carecen de la voluntad pol\u00edtica para lograrlo y est\u00e1n explotando su poder econ\u00f3mico e influencia pol\u00edtica e internacional para Inflaman nuevas \u00e1reas de tensi\u00f3n en todo el mundo en lugar de cumplir con sus obligaciones de mantener la paz y la seguridad internacionales y tratar de eliminar el terrorismo.<\/p>\n<p>A\u00f1adi\u00f3 que es escandaloso que estas partes internacionales persistan al permitirse acusar a otras de violar el derecho internacional y humanitario, citando a Estados Unidos, Gran Breta\u00f1a, Francia y Arabia Saudita.<\/p>\n<p>Hizo hincapi\u00e9 en que el gobierno sirio est\u00e1 cumpliendo su deber constitucional de proteger a sus ciudadanos y proporcionar todos los servicios b\u00e1sicos y los requisitos necesarios, incluyendo los servicios de salud, educaci\u00f3n y atenci\u00f3n social.<\/p>\n<p>Munzer se\u00f1al\u00f3 que algunos pa\u00edses han ido demasiado lejos en la mentira y la falsificaci\u00f3n de los hechos en la medida de apoyar a los llamados &#8220;Cascos Blancos&#8221; y tratar de promoverlo como una organizaci\u00f3n preocupada por la salud y la asistencia para la prestaci\u00f3n de socorro, mientras que saben que este grupo est\u00e1 involucrado en actos terroristas.<\/p>\n<p>Agreg\u00f3 que este grupo goza de cobertura pol\u00edtica y protecci\u00f3n por algunos de los Estados miembros del Consejo de Seguridad, que siempre han trabajado en la explotaci\u00f3n de la situaci\u00f3n humanitaria en Siria de una manera inmoral.<\/p>\n<p>Munzer tambi\u00e9n reconfirm\u00f3 el llamamiento de la delegaci\u00f3n siria sobre la necesidad de proporcionar protecci\u00f3n a los civiles que viven bajo la ocupaci\u00f3n israel\u00ed en el Gol\u00e1n sirio y en los otros territorios \u00e1rabes ocupados por Israel, indicando que las autoridades de la ocupaci\u00f3n se niegan a instalar un hospital para los sirios en Gol\u00e1n.<\/p>\n<p>&nbsp;<\/p>\n<p>&nbsp;<br \/>\nM\/Miri<\/p>\n","protected":false},"excerpt":{"rendered":"<p>Nueva York, SANA \u2013 El encargado de negocios interino de la delegaci\u00f3n siria ante la ONU Munzer Munzer, afirm\u00f3 que la protecci\u00f3n de los civiles requiere abordar las causas reales y fundamentales del conflicto y la creciente amenaza representada por el terrorismo, la ocupaci\u00f3n y las medidas econ\u00f3micas coercitivas unilaterales impuestas sobre los pueblos. En &hellip;<\/p>\n","protected":false},"author":1,"featured_media":65380,"comment_status":"closed","ping_status":"closed","sticky":false,"template":"","format":"standard","meta":{"footnotes":""},"categories":[597,467,7541],"tags":[10371],"class_list":["post-65379","post","type-post","status-publish","format-standard","has-post-thumbnail","","category-cinta-de-noticias","category-siria-y-el-mundo","category-ultimas-noticias","tag-munzer-proteger-a-los-civiles-requiere-abordar-las-causas-profundas-del-terrorismo-y-las-sanciones-injustas"],"_links":{"self":[{"href":"https:\/\/archive.sana.sy\/es\/index.php?rest_route=\/wp\/v2\/posts\/65379"}],"collection":[{"href":"https:\/\/archive.sana.sy\/es\/index.php?rest_route=\/wp\/v2\/posts"}],"about":[{"href":"https:\/\/archive.sana.sy\/es\/index.php?rest_route=\/wp\/v2\/types\/post"}],"author":[{"embeddable":true,"href":"https:\/\/archive.sana.sy\/es\/index.php?rest_route=\/wp\/v2\/users\/1"}],"replies":[{"embeddable":true,"href":"https:\/\/archive.sana.sy\/es\/index.php?rest_route=%2Fwp%2Fv2%2Fcomments&post=65379"}],"version-history":[{"count":0,"href":"https:\/\/archive.sana.sy\/es\/index.php?rest_route=\/wp\/v2\/posts\/65379\/revisions"}],"wp:featuredmedia":[{"embeddable":true,"href":"https:\/\/archive.sana.sy\/es\/index.php?rest_route=\/wp\/v2\/media\/65380"}],"wp:attachment":[{"href":"https:\/\/archive.sana.sy\/es\/index.php?rest_route=%2Fwp%2Fv2%2Fmedia&parent=65379"}],"wp:term":[{"taxonomy":"category","embeddable":true,"href":"https:\/\/archive.sana.sy\/es\/index.php?rest_route=%2Fwp%2Fv2%2Fcategories&post=65379"},{"taxonomy":"post_tag","embeddable":true,"href":"https:\/\/archive.sana.sy\/es\/index.php?rest_route=%2Fwp%2Fv2%2Ftags&post=65379"}],"curies":[{"name":"wp","href":"https:\/\/api.w.org\/{rel}","templated":true}]}}